{"id":816,"date":"2023-03-13T12:20:13","date_gmt":"2023-03-13T11:20:13","guid":{"rendered":"https:\/\/landaola.eus\/vi-premios-landaola\/"},"modified":"2026-01-19T10:03:37","modified_gmt":"2026-01-19T09:03:37","slug":"vi-premios-landaola","status":"publish","type":"post","link":"https:\/\/landaola.eus\/es\/vi-premios-landaola\/","title":{"rendered":"VI. Premios Landaola"},"content":{"rendered":"\r\n\r\nUn a\u00f1o m\u00e1s, queriendo reconocer los proyectos de desarrollo rural de Gipuzkoa, la Federaci\u00f3n Landaola ha organizado la <strong>VI. edici\u00f3n de Landaola Sariak<\/strong>. Y estos son los proyectos premiados:\r\n\r\n\r\n\r\n\r\n<!--more-->\r\n\r\n\r\n\r\n<h2 class=\"wp-block-heading\">Premiado en el apartado de entidades privadas: <strong>ERBEL<\/strong>. Asociaci\u00f3n de Criadores de la Abeja Negra<\/h2>\r\n\r\n\r\n\r\n<figure class=\"wp-block-image size-full\"><img loading=\"lazy\" decoding=\"async\" width=\"2560\" height=\"1707\" class=\"wp-image-801\" src=\"https:\/\/landaola.eus\/wp-content\/uploads\/2023\/03\/Erbel5-1-scaled.jpg\" alt=\"\" srcset=\"https:\/\/landaola.eus\/wp-content\/uploads\/2023\/03\/Erbel5-1-scaled.jpg 2560w, https:\/\/landaola.eus\/wp-content\/uploads\/2023\/03\/Erbel5-1-300x200.jpg 300w, https:\/\/landaola.eus\/wp-content\/uploads\/2023\/03\/Erbel5-1-1024x683.jpg 1024w, https:\/\/landaola.eus\/wp-content\/uploads\/2023\/03\/Erbel5-1-768x512.jpg 768w, https:\/\/landaola.eus\/wp-content\/uploads\/2023\/03\/Erbel5-1-1536x1024.jpg 1536w, https:\/\/landaola.eus\/wp-content\/uploads\/2023\/03\/Erbel5-1-2048x1365.jpg 2048w\" sizes=\"(max-width: 2560px) 100vw, 2560px\" \/><\/figure>\r\n\r\n\r\n\r\n\r\nLa Asociaci\u00f3n de Criadores de la abeja negra naci\u00f3 en 2018 de la mano de varios apicultores de Euskal Herria, actualmente est\u00e1 formada por unos 45 socios y socias, y su sede se encuentra en el edificio Goizane de Zaldibia.\r\n\r\nEl objetivo de Erbel es trabajar en favor de la conservaci\u00f3n y mejora de la raza Apis Mellifera Iberiensis, la abeja negra aut\u00f3ctona. Mediante el rpograma de cr\u00eda, seleccionan las caracter\u00edsticas deseadas y cr\u00edan reinas, al tiempo que excluyen las que no son deseables. emplean abejas que est\u00e1n adaptadas al medio (al clima y a la vegetaci\u00f3n), y las someten a controles, para obtener determinados valores gen\u00e9ticos en las reinas, Estos valores determinar\u00e1n a su vez la siguiente generaci\u00f3n de reinas madre. El trabajo se realiza en modo grupal, y las mejoras obtenidas se trasladan a todos los miembros del grupo.\r\n\r\nEste proyecto es innovador y pionero en Euskal Herria, as\u00ed como en los estados frances y espa\u00f1ol. Su originalidad reside en completar el Programa de Cr\u00eda de Abeja Negra Aut\u00f3ctona como instrumento de valorizaci\u00f3n econ\u00f3mica. Su objetivo es aportar valor a\u00f1adido a la propia abeja para aumentar su valor econ\u00f3mico.\r\n\r\n\r\n\r\n\r\n\r\n<hr class=\"wp-block-separator has-alpha-channel-opacity is-style-wide\" \/>\r\n\r\n\r\n\r\n\r\n<h2 class=\"wp-block-heading\">Premiado en el apartado de entidades p\u00fablicas: AYUNTAMIENTO DE\u00a0<strong>ZUMARRAGA<\/strong>. Zumarragako azoka<\/h2>\r\n\r\n\r\n\r\n<figure class=\"wp-block-image size-full\"><img loading=\"lazy\" decoding=\"async\" width=\"2560\" height=\"1748\" class=\"wp-image-805\" src=\"https:\/\/landaola.eus\/wp-content\/uploads\/2023\/03\/Zumarraga3-scaled.jpg\" alt=\"\" srcset=\"https:\/\/landaola.eus\/wp-content\/uploads\/2023\/03\/Zumarraga3-scaled.jpg 2560w, https:\/\/landaola.eus\/wp-content\/uploads\/2023\/03\/Zumarraga3-300x205.jpg 300w, https:\/\/landaola.eus\/wp-content\/uploads\/2023\/03\/Zumarraga3-1024x699.jpg 1024w, https:\/\/landaola.eus\/wp-content\/uploads\/2023\/03\/Zumarraga3-768x524.jpg 768w, https:\/\/landaola.eus\/wp-content\/uploads\/2023\/03\/Zumarraga3-1536x1049.jpg 1536w, https:\/\/landaola.eus\/wp-content\/uploads\/2023\/03\/Zumarraga3-2048x1399.jpg 2048w\" sizes=\"(max-width: 2560px) 100vw, 2560px\" \/><\/figure>\r\n\r\n\r\n\r\n\r\nZumarragako Azoka es el punto de encuentro de los s\u00e1bados en el que convergen el producto local, la cultura, los valores y la diversidad de Zumarraga.\r\n\r\nEl mercado se ha instalado en el centro urbano como espacio de econom\u00eda urbana (centro comercial abierto), el mercado es elementi tractor y polo central de identidad y cohesi\u00f3n desde el que se ha insuflado energ\u00eda y fuerza al conjunto del tejido comercial del municipio.\r\n\r\nAdem\u00e1s de productos KM-0 y productos de temporada, hay otros puestos, como textiles, moda o productos para el hogar, que conforman una oferta global.\r\n\r\nZumarragako Azoka tiene como objetivo impulsar y desarrollar un ecosistema alimentario local. Este ecosistema, por un lado, integra al sector primario como elemento diferenciador local, y por otro promueve la alimentaci\u00f3n consciente y saludable.\r\n\r\n\r\n\r\n\r\n\r\n<hr class=\"wp-block-separator has-alpha-channel-opacity is-style-wide\" \/>\r\n\r\n\r\n\r\n\r\n<h2 class=\"wp-block-heading\">Premio Landaola a las mujeres en el medio rural: <strong>ERREZILGO AZOKA<\/strong><\/h2>\r\n\r\n\r\n\r\n<figure class=\"wp-block-image size-full\"><img loading=\"lazy\" decoding=\"async\" width=\"1600\" height=\"1200\" class=\"wp-image-807\" src=\"https:\/\/landaola.eus\/wp-content\/uploads\/2023\/03\/c95f7031-d94f-4bcc-9d66-b0edea303b72.jpg\" alt=\"\" srcset=\"https:\/\/landaola.eus\/wp-content\/uploads\/2023\/03\/c95f7031-d94f-4bcc-9d66-b0edea303b72.jpg 1600w, https:\/\/landaola.eus\/wp-content\/uploads\/2023\/03\/c95f7031-d94f-4bcc-9d66-b0edea303b72-300x225.jpg 300w, https:\/\/landaola.eus\/wp-content\/uploads\/2023\/03\/c95f7031-d94f-4bcc-9d66-b0edea303b72-1024x768.jpg 1024w, https:\/\/landaola.eus\/wp-content\/uploads\/2023\/03\/c95f7031-d94f-4bcc-9d66-b0edea303b72-768x576.jpg 768w, https:\/\/landaola.eus\/wp-content\/uploads\/2023\/03\/c95f7031-d94f-4bcc-9d66-b0edea303b72-1536x1152.jpg 1536w\" sizes=\"(max-width: 1600px) 100vw, 1600px\" \/><\/figure>\r\n\r\n\r\n\r\n\r\nen 1994, cinco mujeres de Errezil fundaron Errezilgo Azoka. Su objetivo era dar salida a la manzana Errezil sagarra, comenzaron a vender manzanas pero enseguida vieron la necesidad de aportar un valor a\u00f1adido al producto. De esta manera, en un local cedido por el ayuntamiento de Errezil crearon una zona de transformaci\u00f3n de la manzana Errezil sagarra.\r\n\r\nAunque hoy en d\u00eda los productos principales son los elaborados con manzana de Errezil, tambi\u00e9n utilizan otros frutos para la elaboraci\u00f3n de algunos productos. Compotas, mermeladas, membrillo, alubia de temporada, nueces, avellanas y quesos se producen, elaboran y venden a trav\u00e9s de Errezilgo Azoka. Todos los productos se elaboran de manera artesanal y sin a\u00f1adir aditivos.\r\n\r\nDisponen de una zina de elaboraci\u00f3n y una tienda bajo el Ayuntamiento, es aqu\u00ed donde realizan todas las elaboraciones, etiquetados y de donde salen los productos de la marca Errezilgo Azoka. La tienda permanece abierta todos los d\u00edas de la semana, incluidos los domingos.\r\n\r\n\r\n\r\n\r\n\r\n<hr class=\"wp-block-separator has-alpha-channel-opacity is-style-wide\" \/>\r\n\r\n\r\n\r\n\r\n<h2 class=\"wp-block-heading\">Premio Landaola a toda una trayectoria: <strong>OIHAN TXIKI KOOPERATIBA<\/strong><\/h2>\r\n\r\n\r\n\r\n<figure class=\"wp-block-image size-full\"><img loading=\"lazy\" decoding=\"async\" width=\"962\" height=\"658\" class=\"wp-image-809\" src=\"https:\/\/landaola.eus\/wp-content\/uploads\/2023\/03\/oihan-txiki-kooperatiba.png\" alt=\"\" srcset=\"https:\/\/landaola.eus\/wp-content\/uploads\/2023\/03\/oihan-txiki-kooperatiba.png 962w, https:\/\/landaola.eus\/wp-content\/uploads\/2023\/03\/oihan-txiki-kooperatiba-300x205.png 300w, https:\/\/landaola.eus\/wp-content\/uploads\/2023\/03\/oihan-txiki-kooperatiba-768x525.png 768w\" sizes=\"(max-width: 962px) 100vw, 962px\" \/><\/figure>\r\n\r\n\r\n\r\n\r\nLa cooperativa de pastoreo y queser\u00eda Oihan Txiki se fund\u00f3 a finales de la d\u00e9cada de los 80. Fue la f\u00f3rmula que se ide\u00f3 para dar respuesta a los j\u00f3venes de la localidad que quer\u00edan seguir viviendo y trabajando en Orexa, un peque\u00f1o pueblo rural. Lo que fue una apuesta de todo un pueblo, hoy en d\u00eda es la principal actividad econ\u00f3mica de Orexa. Actualmente la Cooperativa cuenta con un equipo de 10 personas y un reba\u00f1o de unas 1500 ovejas, entre sus productos se encuentran quesos elaborados con leche cruda de oveja latxa de la Denominaci\u00f3n de origen Idiazabal, el queso azul y Otzara. Oihan Txiki es m\u00e1s que una cooperativa de pastoreo, es un proyecto cooperativo que pretende responder a las necesidades de los y las habitantes actuales de Orexa y tambi\u00e9n a los de un futuro, con el objetivo de que el pueblo siga siendo atractivo para la gente joven y se sigan consolidando puestos de trabajo. adem\u00e1s de los quesos de la Denominaci\u00f3n de Origen Idiazabal elaborados con leche cruda de oveja latxa, s\u00edmbolo principal de la cooperativa, tienen como objetivo continuar con la innovaci\u00f3n, creando nuevas gamas de productos de alto valor a\u00f1adido, abrir puertas la turismo e impulsar la colaboraci\u00f3n con el alojamiento local.\r\n\r\n\r\n\r\n\r\n\r\n<hr class=\"wp-block-separator has-alpha-channel-opacity is-style-wide\" \/>\r\n\r\n\r\n\r\n\r\n<h2 class=\"wp-block-heading\">Proyectos nominados<\/h2>\r\n\r\n\r\n\r\n\r\nBordazar baserria: Relevo familiar, transformaci\u00f3n al modelo ecol\u00f3gico y transformaci\u00f3n\/venta directa\r\n\r\n\r\n\r\n\r\n\r\nEreindajan Bergara: Proyecto de cestas de fin de curso y organizaci\u00f3n del comedor escolar de Angiozar\r\n\r\n\r\n\r\n\r\n\r\nAsier Lizarralde eta Ane Munin: Lizagasar Sagartokixa\r\n\r\n\r\n\r\n\r\n\r\nIbarbi Errezil Sagarra koop.: La trayectoria que ha llevado de ser asociaci\u00f3n a ser cooperativa\r\n\r\n\r\n\r\n\r\n\r\nAyuntamiento de Hondarribia: Bidez-Bide, servicio de transporte bajo demanda para el entorno rural\r\n\r\n\r\n\r\n\r\n\r\nMatadero de Zubillaga-O\u00f1ati: Mejora del servicio de matadero en la cadena de valor de la carne\r\n\r\n\r\n\r\n\r\n\r\nAyuntamiento de Eibar: Plaza Errebal\r\n\r\n\r\n\r\n\r\n\r\nAyuntamiento de Amezketa: Centro Pello Zabala de Amezketa\r\n\r\n\r\n\r\n\r\n\r\nAyuntamiento de Zarautz: Reforma de la Plaza del Mercado de Zarautz\r\n\r\n\r\n\r\n\r\n\r\n<hr class=\"wp-block-separator has-alpha-channel-opacity is-style-wide\" \/>\r\n\r\n\r\n\r\n\r\n<div class=\"wp-block-buttons is-layout-flex wp-block-buttons-is-layout-flex\">\r\n<div class=\"wp-block-button\"><a class=\"wp-block-button__link\" href=\"http:\/\/landaola.eus\/wp-content\/uploads\/2023\/03\/LANDAOLA-SARIAK-2023-PREMIADOS-CAST.pdf\">Dossier &#8211; VI. PREMIOS LANDAOLA<\/a><\/div>\r\n<div><\/div>\r\n<\/div>\r\n<div><\/div>\r\n<div><\/div>\r\n<div><\/div>\r\n<div><\/div>\r\n<div><a class=\"wp-block-button__link\" href=\"https:\/\/www.youtube.com\/watch?v=MBaB4ZAt1QI&amp;t=351s\" target=\"_blank\" rel=\"noreferrer noopener\">VIDEO DEL EVENTO<\/a><\/div>\r\n","protected":false},"excerpt":{"rendered":"<p>Un a\u00f1o m\u00e1s, queriendo reconocer los proyectos de desarrollo rural de Gipuzkoa, la Federaci\u00f3n Landaola ha organizado la VI. edici\u00f3n de Landaola Sariak. Y estos son los proyectos premiados:<\/p>\n","protected":false},"author":1,"featured_media":0,"comment_status":"closed","ping_status":"closed","sticky":false,"template":"","format":"standard","meta":{"footnotes":""},"categories":[18],"tags":[],"yoast_head":"<!-- This site is optimized with the Yoast SEO plugin v21.5 - https:\/\/yoast.com\/wordpress\/plugins\/seo\/ -->\n<title>VI. Premios Landaola - Landaola - Gipuzkoako Landa Garapen Elkarteen Federazioa<\/title>\n<meta name=\"robots\" content=\"index, follow, max-snippet:-1, max-image-preview:large, max-video-preview:-1\" \/>\n<link rel=\"canonical\" href=\"https:\/\/landaola.eus\/es\/vi-premios-landaola\/\" \/>\n<meta property=\"og:locale\" content=\"es_ES\" \/>\n<meta property=\"og:type\" content=\"article\" \/>\n<meta property=\"og:title\" content=\"VI. Premios Landaola - Landaola - Gipuzkoako Landa Garapen Elkarteen Federazioa\" \/>\n<meta property=\"og:description\" content=\"Un a\u00f1o m\u00e1s, queriendo reconocer los proyectos de desarrollo rural de Gipuzkoa, la Federaci\u00f3n Landaola ha organizado la VI. edici\u00f3n de Landaola Sariak. Y estos son los proyectos premiados:\" \/>\n<meta property=\"og:url\" content=\"https:\/\/landaola.eus\/es\/vi-premios-landaola\/\" \/>\n<meta property=\"og:site_name\" content=\"Landaola - Gipuzkoako Landa Garapen Elkarteen Federazioa\" \/>\n<meta property=\"article:publisher\" content=\"https:\/\/www.facebook.com\/Landaola-1306311309416102\" \/>\n<meta property=\"article:published_time\" content=\"2023-03-13T11:20:13+00:00\" \/>\n<meta property=\"article:modified_time\" content=\"2026-01-19T09:03:37+00:00\" \/>\n<meta property=\"og:image\" content=\"https:\/\/landaola.eus\/wp-content\/uploads\/2023\/03\/Erbel5-1-scaled.jpg\" \/>\n<meta name=\"author\" content=\"admin\" \/>\n<meta name=\"twitter:card\" content=\"summary_large_image\" \/>\n<meta name=\"twitter:creator\" content=\"@Landaola_\" \/>\n<meta name=\"twitter:site\" content=\"@Landaola_\" \/>\n<meta name=\"twitter:label1\" content=\"Escrito por\" \/>\n\t<meta name=\"twitter:data1\" content=\"admin\" \/>\n\t<meta name=\"twitter:label2\" content=\"Tiempo de lectura\" \/>\n\t<meta name=\"twitter:data2\" content=\"5 minutos\" \/>\n<script type=\"application\/ld+json\" class=\"yoast-schema-graph\">{\"@context\":\"https:\/\/schema.org\",\"@graph\":[{\"@type\":\"Article\",\"@id\":\"https:\/\/landaola.eus\/es\/vi-premios-landaola\/#article\",\"isPartOf\":{\"@id\":\"https:\/\/landaola.eus\/es\/vi-premios-landaola\/\"},\"author\":{\"name\":\"admin\",\"@id\":\"https:\/\/landaola.eus\/#\/schema\/person\/8cae01563bb2e59e8efbd02bb907c029\"},\"headline\":\"VI. Premios Landaola\",\"datePublished\":\"2023-03-13T11:20:13+00:00\",\"dateModified\":\"2026-01-19T09:03:37+00:00\",\"mainEntityOfPage\":{\"@id\":\"https:\/\/landaola.eus\/es\/vi-premios-landaola\/\"},\"wordCount\":936,\"publisher\":{\"@id\":\"https:\/\/landaola.eus\/#organization\"},\"articleSection\":[\"Premios landaola\"],\"inLanguage\":\"es\"},{\"@type\":\"WebPage\",\"@id\":\"https:\/\/landaola.eus\/es\/vi-premios-landaola\/\",\"url\":\"https:\/\/landaola.eus\/es\/vi-premios-landaola\/\",\"name\":\"VI. Premios Landaola - Landaola - Gipuzkoako Landa Garapen Elkarteen Federazioa\",\"isPartOf\":{\"@id\":\"https:\/\/landaola.eus\/#website\"},\"datePublished\":\"2023-03-13T11:20:13+00:00\",\"dateModified\":\"2026-01-19T09:03:37+00:00\",\"breadcrumb\":{\"@id\":\"https:\/\/landaola.eus\/es\/vi-premios-landaola\/#breadcrumb\"},\"inLanguage\":\"es\",\"potentialAction\":[{\"@type\":\"ReadAction\",\"target\":[\"https:\/\/landaola.eus\/es\/vi-premios-landaola\/\"]}]},{\"@type\":\"BreadcrumbList\",\"@id\":\"https:\/\/landaola.eus\/es\/vi-premios-landaola\/#breadcrumb\",\"itemListElement\":[{\"@type\":\"ListItem\",\"position\":1,\"name\":\"Home\",\"item\":\"https:\/\/landaola.eus\/es\/\"},{\"@type\":\"ListItem\",\"position\":2,\"name\":\"VI. Premios Landaola\"}]},{\"@type\":\"WebSite\",\"@id\":\"https:\/\/landaola.eus\/#website\",\"url\":\"https:\/\/landaola.eus\/\",\"name\":\"Landaola - Gipuzkoako Landa Garapen Elkarteen Federazioa\",\"description\":\"Gipuzkoako Landa Garapen Elkarteen Federazioa\",\"publisher\":{\"@id\":\"https:\/\/landaola.eus\/#organization\"},\"potentialAction\":[{\"@type\":\"SearchAction\",\"target\":{\"@type\":\"EntryPoint\",\"urlTemplate\":\"https:\/\/landaola.eus\/?s={search_term_string}\"},\"query-input\":\"required name=search_term_string\"}],\"inLanguage\":\"es\"},{\"@type\":\"Organization\",\"@id\":\"https:\/\/landaola.eus\/#organization\",\"name\":\"LANDAOLA\",\"alternateName\":\"Gipuzkoako landa garapen elkarteen federazioa\",\"url\":\"https:\/\/landaola.eus\/\",\"logo\":{\"@type\":\"ImageObject\",\"inLanguage\":\"es\",\"@id\":\"https:\/\/landaola.eus\/#\/schema\/logo\/image\/\",\"url\":\"https:\/\/landaola.eus\/wp-content\/uploads\/2022\/11\/landaola.svg\",\"contentUrl\":\"https:\/\/landaola.eus\/wp-content\/uploads\/2022\/11\/landaola.svg\",\"width\":1,\"height\":1,\"caption\":\"LANDAOLA\"},\"image\":{\"@id\":\"https:\/\/landaola.eus\/#\/schema\/logo\/image\/\"},\"sameAs\":[\"https:\/\/www.facebook.com\/Landaola-1306311309416102\",\"https:\/\/twitter.com\/Landaola_\",\"https:\/\/www.youtube.com\/channel\/UCmr3BnLvYWU86tkM-rHfXGg\",\"https:\/\/www.instagram.com\/landaola_\/?igshid=YmMyMTA2M2Y\"]},{\"@type\":\"Person\",\"@id\":\"https:\/\/landaola.eus\/#\/schema\/person\/8cae01563bb2e59e8efbd02bb907c029\",\"name\":\"admin\",\"image\":{\"@type\":\"ImageObject\",\"inLanguage\":\"es\",\"@id\":\"https:\/\/landaola.eus\/#\/schema\/person\/image\/\",\"url\":\"https:\/\/secure.gravatar.com\/avatar\/8c3a9acb8f9806cac7d9a6cb951448f6?s=96&d=mm&r=g\",\"contentUrl\":\"https:\/\/secure.gravatar.com\/avatar\/8c3a9acb8f9806cac7d9a6cb951448f6?s=96&d=mm&r=g\",\"caption\":\"admin\"},\"sameAs\":[\"http:\/\/landaola.eus\"],\"url\":\"https:\/\/landaola.eus\/es\/author\/admin\/\"}]}<\/script>\n<!-- \/ Yoast SEO plugin. -->","yoast_head_json":{"title":"VI. Premios Landaola - Landaola - Gipuzkoako Landa Garapen Elkarteen Federazioa","robots":{"index":"index","follow":"follow","max-snippet":"max-snippet:-1","max-image-preview":"max-image-preview:large","max-video-preview":"max-video-preview:-1"},"canonical":"https:\/\/landaola.eus\/es\/vi-premios-landaola\/","og_locale":"es_ES","og_type":"article","og_title":"VI. Premios Landaola - Landaola - Gipuzkoako Landa Garapen Elkarteen Federazioa","og_description":"Un a\u00f1o m\u00e1s, queriendo reconocer los proyectos de desarrollo rural de Gipuzkoa, la Federaci\u00f3n Landaola ha organizado la VI. edici\u00f3n de Landaola Sariak. Y estos son los proyectos premiados:","og_url":"https:\/\/landaola.eus\/es\/vi-premios-landaola\/","og_site_name":"Landaola - Gipuzkoako Landa Garapen Elkarteen Federazioa","article_publisher":"https:\/\/www.facebook.com\/Landaola-1306311309416102","article_published_time":"2023-03-13T11:20:13+00:00","article_modified_time":"2026-01-19T09:03:37+00:00","og_image":[{"url":"https:\/\/landaola.eus\/wp-content\/uploads\/2023\/03\/Erbel5-1-scaled.jpg"}],"author":"admin","twitter_card":"summary_large_image","twitter_creator":"@Landaola_","twitter_site":"@Landaola_","twitter_misc":{"Escrito por":"admin","Tiempo de lectura":"5 minutos"},"schema":{"@context":"https:\/\/schema.org","@graph":[{"@type":"Article","@id":"https:\/\/landaola.eus\/es\/vi-premios-landaola\/#article","isPartOf":{"@id":"https:\/\/landaola.eus\/es\/vi-premios-landaola\/"},"author":{"name":"admin","@id":"https:\/\/landaola.eus\/#\/schema\/person\/8cae01563bb2e59e8efbd02bb907c029"},"headline":"VI. Premios Landaola","datePublished":"2023-03-13T11:20:13+00:00","dateModified":"2026-01-19T09:03:37+00:00","mainEntityOfPage":{"@id":"https:\/\/landaola.eus\/es\/vi-premios-landaola\/"},"wordCount":936,"publisher":{"@id":"https:\/\/landaola.eus\/#organization"},"articleSection":["Premios landaola"],"inLanguage":"es"},{"@type":"WebPage","@id":"https:\/\/landaola.eus\/es\/vi-premios-landaola\/","url":"https:\/\/landaola.eus\/es\/vi-premios-landaola\/","name":"VI. Premios Landaola - Landaola - Gipuzkoako Landa Garapen Elkarteen Federazioa","isPartOf":{"@id":"https:\/\/landaola.eus\/#website"},"datePublished":"2023-03-13T11:20:13+00:00","dateModified":"2026-01-19T09:03:37+00:00","breadcrumb":{"@id":"https:\/\/landaola.eus\/es\/vi-premios-landaola\/#breadcrumb"},"inLanguage":"es","potentialAction":[{"@type":"ReadAction","target":["https:\/\/landaola.eus\/es\/vi-premios-landaola\/"]}]},{"@type":"BreadcrumbList","@id":"https:\/\/landaola.eus\/es\/vi-premios-landaola\/#breadcrumb","itemListElement":[{"@type":"ListItem","position":1,"name":"Home","item":"https:\/\/landaola.eus\/es\/"},{"@type":"ListItem","position":2,"name":"VI. Premios Landaola"}]},{"@type":"WebSite","@id":"https:\/\/landaola.eus\/#website","url":"https:\/\/landaola.eus\/","name":"Landaola - Gipuzkoako Landa Garapen Elkarteen Federazioa","description":"Gipuzkoako Landa Garapen Elkarteen Federazioa","publisher":{"@id":"https:\/\/landaola.eus\/#organization"},"potentialAction":[{"@type":"SearchAction","target":{"@type":"EntryPoint","urlTemplate":"https:\/\/landaola.eus\/?s={search_term_string}"},"query-input":"required name=search_term_string"}],"inLanguage":"es"},{"@type":"Organization","@id":"https:\/\/landaola.eus\/#organization","name":"LANDAOLA","alternateName":"Gipuzkoako landa garapen elkarteen federazioa","url":"https:\/\/landaola.eus\/","logo":{"@type":"ImageObject","inLanguage":"es","@id":"https:\/\/landaola.eus\/#\/schema\/logo\/image\/","url":"https:\/\/landaola.eus\/wp-content\/uploads\/2022\/11\/landaola.svg","contentUrl":"https:\/\/landaola.eus\/wp-content\/uploads\/2022\/11\/landaola.svg","width":1,"height":1,"caption":"LANDAOLA"},"image":{"@id":"https:\/\/landaola.eus\/#\/schema\/logo\/image\/"},"sameAs":["https:\/\/www.facebook.com\/Landaola-1306311309416102","https:\/\/twitter.com\/Landaola_","https:\/\/www.youtube.com\/channel\/UCmr3BnLvYWU86tkM-rHfXGg","https:\/\/www.instagram.com\/landaola_\/?igshid=YmMyMTA2M2Y"]},{"@type":"Person","@id":"https:\/\/landaola.eus\/#\/schema\/person\/8cae01563bb2e59e8efbd02bb907c029","name":"admin","image":{"@type":"ImageObject","inLanguage":"es","@id":"https:\/\/landaola.eus\/#\/schema\/person\/image\/","url":"https:\/\/secure.gravatar.com\/avatar\/8c3a9acb8f9806cac7d9a6cb951448f6?s=96&d=mm&r=g","contentUrl":"https:\/\/secure.gravatar.com\/avatar\/8c3a9acb8f9806cac7d9a6cb951448f6?s=96&d=mm&r=g","caption":"admin"},"sameAs":["http:\/\/landaola.eus"],"url":"https:\/\/landaola.eus\/es\/author\/admin\/"}]}},"_links":{"self":[{"href":"https:\/\/landaola.eus\/es\/wp-json\/wp\/v2\/posts\/816"}],"collection":[{"href":"https:\/\/landaola.eus\/es\/wp-json\/wp\/v2\/posts"}],"about":[{"href":"https:\/\/landaola.eus\/es\/wp-json\/wp\/v2\/types\/post"}],"author":[{"embeddable":true,"href":"https:\/\/landaola.eus\/es\/wp-json\/wp\/v2\/users\/1"}],"replies":[{"embeddable":true,"href":"https:\/\/landaola.eus\/es\/wp-json\/wp\/v2\/comments?post=816"}],"version-history":[{"count":5,"href":"https:\/\/landaola.eus\/es\/wp-json\/wp\/v2\/posts\/816\/revisions"}],"predecessor-version":[{"id":863,"href":"https:\/\/landaola.eus\/es\/wp-json\/wp\/v2\/posts\/816\/revisions\/863"}],"wp:attachment":[{"href":"https:\/\/landaola.eus\/es\/wp-json\/wp\/v2\/media?parent=816"}],"wp:term":[{"taxonomy":"category","embeddable":true,"href":"https:\/\/landaola.eus\/es\/wp-json\/wp\/v2\/categories?post=816"},{"taxonomy":"post_tag","embeddable":true,"href":"https:\/\/landaola.eus\/es\/wp-json\/wp\/v2\/tags?post=816"}],"curies":[{"name":"wp","href":"https:\/\/api.w.org\/{rel}","templated":true}]}}