{"id":441,"date":"2022-11-03T11:22:50","date_gmt":"2022-11-03T10:22:50","guid":{"rendered":"https:\/\/landaola.eus\/?p=441"},"modified":"2026-01-19T10:03:38","modified_gmt":"2026-01-19T09:03:38","slug":"politica-de-privacidad","status":"publish","type":"post","link":"https:\/\/landaola.eus\/es\/politica-de-privacidad\/","title":{"rendered":"Pol\u00edtica de privacidad"},"content":{"rendered":"\n<p><strong>LANDAOLA <\/strong>se encuentra profundamente comprometido con el cumplimiento de la Legislaci\u00f3n Espa\u00f1ola y Europea aplicable a la protecci\u00f3n de datos de car\u00e1cter personal, y garantiza el cumplimiento \u00edntegro de las obligaciones dispuestas, as\u00ed como la implementaci\u00f3n de las disposiciones incluidas en la Ley Org\u00e1nica 3\/2018, de Protecci\u00f3n de Datos personales y en las medidas del Reglamento General de Protecci\u00f3n de Datos (RGPD) de la uni\u00f3n Europea 2016\/679.<\/p>\n\n\n\n<p><strong>LANDAOLA <\/strong>pone a disposici\u00f3n de los usuarios la presente Pol\u00edtica de privacidad de la entidad para el tratamiento de datos personales, informando a los mismos respecto a los siguientes aspectos:<\/p>\n\n\n\n<p><strong>\u2022 <\/strong>Identidad y Datos de Contacto del Responsable del tratamiento.<br><strong>\u2022 <\/strong>Datos tratados, sus fines y plazos o criterios de conservaci\u00f3n de los mismos.<br><strong>\u2022 <\/strong>Base jur\u00eddica del tratamiento.<br><strong>\u2022 <\/strong>Los destinatarios de sus datos personales.<br><strong>\u2022 <\/strong>Sobre los derechos que asisten a todo usuario y el procedimiento para ejercitarlos.<\/p>\n\n\n\n<h2 class=\"wp-block-heading\">RESPONSABLE DE TRATAMIENTO<\/h2>\n\n\n\n<ul><li>Denominaci\u00f3n social: <strong>GIPUZKOAKO LANDA GARAPEN ELKARTEEN FEDERAZIOA.<\/strong><\/li><li>Nombre comercial: <strong>LANDAOLA.<\/strong><\/li><li>Domicilio social: <strong>GOIZANE zentroa, Olaeta auzoa, 6. 20247 Zaldibia (Gipuzkoa).<\/strong><\/li><li>N.I.F:<strong>G75062398<\/strong><\/li><li>E-mail:<strong>landaola@landaola.eus<\/strong><\/li><li>Web:<strong>www.landaola.eus<\/strong><\/li><\/ul>\n\n\n\n<h2 class=\"wp-block-heading\">TRATAMIENTOS DE DATOS PERSONALES<\/h2>\n\n\n\n<p>Tratamientos de Datos personales del colectivo de ASOCIADOS:<\/p>\n\n\n\n<p><strong>a. \u00bfCon qu\u00e9 finalidad tratamos sus datos personales? <\/strong><\/p>\n\n\n\n<p>En LANDAOLA tratamos la informaci\u00f3n que nos facilitan nuestros asociados con las siguientes finalidades:<br>Gesti\u00f3n, Administraci\u00f3n y Prestaci\u00f3n de los servicios. La gesti\u00f3n y el mantenimiento de la relaci\u00f3n comercial para la prestaci\u00f3n de servicios, as\u00ed como para su administraci\u00f3n fiscal y contable. Llevar el control de accesos a las instalaciones.<br>Realizaci\u00f3n de Env\u00edos Comerciales. En caso de que lo haya consentido, la realizaci\u00f3n de acciones comerciales, de promoci\u00f3n y\/o marketing por cualquier medio (incluidos los electr\u00f3nicos, que expresamente consiente), relacionadas con su objeto social y sus actividades profesionales.<br>Participaci\u00f3n en redes sociales. Producto de su participaci\u00f3n en las diferentes actividades y clases organizadas por LANDAOLA se podr\u00eda comportar la obtenci\u00f3n de im\u00e1genes del mismo (fotograf\u00edas, grabaciones&#8230;).<br>En caso de que usted lo autorice, se podr\u00e1 realizar su difusi\u00f3n en medios de comunicaci\u00f3n social, incluyendo la p\u00e1gina web corporativa y Facebook, Twitter, Instagram e Youtube con la \u00fanica finalidad de dar publicidad a la actividad.<\/p>\n\n\n\n<p><strong>b. Legitimaci\u00f3n<\/strong><\/p>\n\n\n\n<p>La base legal para el tratamiento de sus datos es la Ejecuci\u00f3n del contrato, y el consentimiento expreso del interesado, en aquellos casos que lo haya facilitado.<\/p>\n\n\n\n<p><strong>c. Destinatarios<\/strong><\/p>\n\n\n\n<p>Agencia Tributaria necesaria para la prestaci\u00f3n del servicio.<br>Si procede a Entidades Bancarias para la gesti\u00f3n dos importes econ\u00f3micos derivados del servicio.<br>En el supuesto que nos haya dado su consentimiento para el tratamiento de im\u00e1genes, se podr\u00e1n divulgar igualmente sus datos, por publicaciones y canales de comunicaciones de la entidad.<\/p>\n\n\n\n<p><strong>d. \u00bfPor cu\u00e1nto tiempo conservaremos sus datos?<\/strong><\/p>\n\n\n\n<p>Los datos personales proporcionados se conservar\u00e1n, mientras sean necesario para la prestaci\u00f3n del servicio. A su finalizaci\u00f3n los datos ser\u00e1n conservados por obligaci\u00f3n legal. por \u00faltimo, y siempre que hubiera proporcionado su consentimiento para esta finalidad, LANDAOLA conservar\u00e1 sus datos con el fin de mantenerle al d\u00eda de los productos, actividades y servicios que pudieran resultar de su inter\u00e9s.<\/p>\n\n\n\n<h2 class=\"wp-block-heading\">Tratamientos de Datos personales del colectivo de PRODUCTORES:<\/h2>\n\n\n\n<p><strong>a. \u00bfCon qu\u00e9 finalidad tratamos sus datos personales?<\/strong><\/p>\n\n\n\n<p>En LANDAOLA tratamos la informaci\u00f3n que nos facilitan nuestros productores con las siguientes finalidades:<br>Gesti\u00f3n, Administraci\u00f3n y Prestaci\u00f3n de los servicios. La gesti\u00f3n y el mantenimiento de la relaci\u00f3n comercial para la prestaci\u00f3n de servicios, as\u00ed como para su administraci\u00f3n fiscal y contable.<\/p>\n\n\n\n<p>Llevar el control de accesos a las instalaciones.<br>Realizaci\u00f3n de Env\u00edos Comerciales. En caso de que lo haya consentido, la realizaci\u00f3n de acciones comerciales, de promoci\u00f3n y\/o marketing por cualquier medio (incluidos los electr\u00f3nicos, que expresamente consiente), relacionadas con su objeto social y sus actividades profesionales.<br>Participaci\u00f3n en redes sociales. Producto de su participaci\u00f3n en las diferentes actividades y clases organizadas por LANDAOLA se podr\u00eda comportar la obtenci\u00f3n de im\u00e1genes del mismo (fotograf\u00edas, grabaciones&#8230;).<br>En caso de que usted lo autorice, se podr\u00e1 realizar su difusi\u00f3n en medios de comunicaci\u00f3n social. incluyendo la p\u00e1gina web corporativa y Facebook, Titter, Instagram e Youtube con la \u00fanica finalidad de dar publicidad a la actividad.<\/p>\n\n\n\n<p><strong>b. Legitimaci\u00f3n<\/strong><\/p>\n\n\n\n<p>La base legal para el tratamiento de sus datos es la Ejecuci\u00f3n del contrato, y el consentimiento expreso del interesado, en aquellos casos que lo haya facilitado.<\/p>\n\n\n\n<p><strong>c. Destinatarios<\/strong><\/p>\n\n\n\n<p>Sus datos se comunicar\u00e1n a Administraciones p\u00fablicas competentes y a la Agencia Tributaria necesarias para la prestaci\u00f3n del servicio.<br>Si procede a Entidades Bancarias para la gesti\u00f3n dos importes econ\u00f3micos derivados del servicio.<br>En el supuesto que nos haya dado su consentimiento para el tratamiento de im\u00e1genes, se podr\u00e1n divulgar igualmente sus datos, por publicaciones y canales de comunicaciones de la entidad.<\/p>\n\n\n\n<p><strong>d. \u00bfPor cu\u00e1nto tiempo conservaremos sus datos?<\/strong><\/p>\n\n\n\n<p>Los datos personales proporcionados se conservar\u00e1n, mientras sean necesario para la prestaci\u00f3n del servicio. A su finalizaci\u00f3n los datos ser\u00e1n conservados por obligaci\u00f3n legal. por \u00faltimo, y siempre que hubiera proporcionado su consentimiento para esta finalidad, LANDAOLA conservar\u00e1 sus datos con el fin de mantenerle al d\u00eda de los productos, actividades y servicios que pudieran resultar de su inter\u00e9s.<\/p>\n\n\n\n<h2 class=\"wp-block-heading\">TRATAMIENTO DE DATOS PROCEDENTES DEL FORMULARIO CONTACTO DE LA WEB<\/h2>\n\n\n\n<p><strong>a. \u00bfCon qu\u00e9 finalidad tratamos sus datos personales?<\/strong><\/p>\n\n\n\n<p>En LANDAOLA tratamos la informaci\u00f3n recibida por medio de estos formularios, con el fin de atender las consultas que nos pueda plantear, gestionar su reclamaci\u00f3n, o en caso de que lo solicite, el env\u00edo de informaciones comerciales.<\/p>\n\n\n\n<p><strong>b. Legitimaci\u00f3n<\/strong><\/p>\n\n\n\n<p>La base legal para el tratamiento es el consentimiento expreso del interesado.<\/p>\n\n\n\n<p><strong>c. Destinatarios<\/strong><\/p>\n\n\n\n<p>No se ceder\u00e1n datos a terceros salvo obligaci\u00f3n legal y no se prev\u00e9n transferencias internacionales de datos.<\/p>\n\n\n\n<p><strong>d. \u00bfPor cu\u00e1nto tiempo conservaremos sus datos?<\/strong><\/p>\n\n\n\n<p>Conservaremos los datos \u00fanicamente el tiempo necesario para atender las consultas, y reclamaciones. Por \u00faltimo, y siempre que hubiera proporcionado su consentimiento para esta finalidad, LANDAOLA conservar\u00e1 sus datos con el fin de mantenerle al d\u00eda de los productos, actividades y servicios que pudieran resultar de su inter\u00e9s.<\/p>\n\n\n\n<h2 class=\"wp-block-heading\">\u00bfDECISIONES AUTOMATIZADAS, PERFILES Y L\u00d3GICA APLICADA?<\/h2>\n\n\n\n<p>No se prev\u00e9 el tratamiento en ning\u00fan momento, basado en decisiones automatizadas.<\/p>\n\n\n\n<h2 class=\"wp-block-heading\">DERECHOS<\/h2>\n\n\n\n<p>\u00bfCu\u00e1les son sus derechos cuando nos facilita sus datos?<br>Cualquier persona tiene derecho a obtener confirmaci\u00f3n sobre si en LANDAOLA estamos tratando datos personales que les conciernan, o no. Asimismo, tal y como prev\u00e9 el Reglamento General de Protecci\u00f3n de Datos, le informamos que usted tiene los siguientes derechos:<br>Acceder a sus datos: Ud. tiene derecho a acceder a sus datos para conocer qu\u00e9 datos personales estamos tratando que le conciernen.<br>Solicitar la rectificaci\u00f3n o supresi\u00f3n de sus datos: En determinadas circunstancias, Ud. tiene derecho a rectificar aquellos datos personales inexactos que le conciernen que sean objeto de tratamientos por nuestra parte o, incluso, a solicitarnos su supresi\u00f3n cuando, entre otros motivos, los datos ya no fueran necesarios para los fines que fueron recogidos. Solicitar la limitaci\u00f3n del tratamiento de sus datos: En determinadas circunstancias, Ud. tendr\u00e1 derecho a solicitarnos la limitaci\u00f3n del tratamiento de sus datos, en cuyo caso le informamos que \u00fanicamente los conservamos para el ejercicio o defensa de reclamaciones tal y como prev\u00e9 el Reglamento General de Protecci\u00f3n de Datos.<br>A la portabilidad de sus datos: En determinadas circunstancias, Ud. tendr\u00e1 derecho a recibir los datos personales que le incumban, y que nos haya facilitado, en un formato estructurado, de uso com\u00fan y lectura mec\u00e1nica, y a transmitirlos a otro responsable del tratamiento.<\/p>\n\n\n\n<p>Oponerse al tratamiento de sus datos: En determinadas circunstancias y por motivos relacionados con su situaci\u00f3n particular, Ud. tendr\u00e1 derecho a oponerse al tratamiento de sus datos en cuyo caso, dejar\u00edamos de tratarlos salvo que por motivos leg\u00edtimos imperiosos, o el ejercicio o la defensa de posibles reclamaciones.<\/p>\n\n\n\n<p>\u00bfCU\u00c1NDO RESPONDEREMOS A SU SOLICITUD?<\/p>\n\n\n\n<p>Responderemos a sus peticiones a la mayor brevedad posible, y en todo caso, en el plazo de un mes desde la recepci\u00f3n de su solicitud. Dicho plazo podr\u00e1 prorrogarse otros dos meses en caso necesario, teniendo en cuenta la complejidad y el n\u00famero de solicitudes. El responsable informar\u00e1 al interesado de la pr\u00f3rroga dentro del primer mes desde la solicitud.<\/p>\n\n\n\n<p>\u00bfUSTED TIENE DERECHO A RETIRAR SU CONSENTIMIENTO?<\/p>\n\n\n\n<p>El interesado tiene derecho a retirar el consentimiento en cualquier momento, sin que ello afecte a la licitud del tratamiento basado en el consentimiento previo a su retirada.<\/p>\n\n\n\n<p>\u00bfD\u00d3NDE DEBE DIRIGIRSE PARA EL EJERCICIO SUS DERECHOS?<\/p>\n\n\n\n<p>Para el ejercicio de los derechos reconocidos, el interesado podr\u00e1 ponerse en contacto a trav\u00e9s de la siguiente direcci\u00f3n de correo electr\u00f3nico: <strong>landaola@landaola.eus <\/strong>o dirigiendo un escrito a LANDAOLA en la Direcci\u00f3n indicada en el apartado primero sobre el Responsable de Tratamiento.<\/p>\n\n\n\n<p>\u00bfUSTED TIENE DERECHO A RECLAMAR?<\/p>\n\n\n\n<p>S\u00ed.m Usted, especialmente cuando no haya obtenido satisfacci\u00f3n en el ejercicio de sus derechos, tiene derecho a presentar reclamaci\u00f3n ante la autoridad nacional de control, a estos efectos debe dirigirse ante la Agencia Espa\u00f1ola de Protecci\u00f3n de Datos. <strong>www.agpd.es<\/strong><\/p>\n\n\n\n<h2 class=\"wp-block-heading\">Categor\u00eda de datos<\/h2>\n\n\n\n<p>Las categor\u00edas de datos que se tratan son: <br>&#8211; Datos de identificaci\u00f3n.<br>&#8211; C\u00f3digos o claves de identificaci\u00f3n.<br>&#8211; Direcciones postales o electr\u00f3nicas.<br>&#8211; Datos de caracter\u00edsticas personales. <br>&#8211; Datos bancarios.<br>&#8211; Informaci\u00f3n comercial.<br>&#8211; Datos econ\u00f3micos.<\/p>\n\n\n\n<p>Datos Especialmente protegidos: No se tratan datos especialmente protegidos.<\/p>\n","protected":false},"excerpt":{"rendered":"<p>LANDAOLA se encuentra profundamente comprometido con el cumplimiento de la Legislaci\u00f3n Espa\u00f1ola y Europea aplicable a la protecci\u00f3n de datos de car\u00e1cter personal, y garantiza el cumplimiento \u00edntegro de las obligaciones dispuestas, as\u00ed como la implementaci\u00f3n de las disposiciones incluidas en la Ley Org\u00e1nica 3\/2018, de Protecci\u00f3n de Datos personales y en las medidas del [&hellip;]<\/p>\n","protected":false},"author":1,"featured_media":0,"comment_status":"closed","ping_status":"closed","sticky":false,"template":"","format":"standard","meta":{"footnotes":""},"categories":[19],"tags":[],"yoast_head":"<!-- This site is optimized with the Yoast SEO plugin v21.5 - https:\/\/yoast.com\/wordpress\/plugins\/seo\/ -->\n<title>Pol\u00edtica de privacidad - Landaola - Gipuzkoako Landa Garapen Elkarteen Federazioa<\/title>\n<meta name=\"robots\" content=\"index, follow, max-snippet:-1, max-image-preview:large, max-video-preview:-1\" \/>\n<link rel=\"canonical\" href=\"https:\/\/landaola.eus\/es\/politica-de-privacidad\/\" \/>\n<meta property=\"og:locale\" content=\"es_ES\" \/>\n<meta property=\"og:type\" content=\"article\" \/>\n<meta property=\"og:title\" content=\"Pol\u00edtica de privacidad - Landaola - Gipuzkoako Landa Garapen Elkarteen Federazioa\" \/>\n<meta property=\"og:description\" content=\"LANDAOLA se encuentra profundamente comprometido con el cumplimiento de la Legislaci\u00f3n Espa\u00f1ola y Europea aplicable a la protecci\u00f3n de datos de car\u00e1cter personal, y garantiza el cumplimiento \u00edntegro de las obligaciones dispuestas, as\u00ed como la implementaci\u00f3n de las disposiciones incluidas en la Ley Org\u00e1nica 3\/2018, de Protecci\u00f3n de Datos personales y en las medidas del [&hellip;]\" \/>\n<meta property=\"og:url\" content=\"https:\/\/landaola.eus\/es\/politica-de-privacidad\/\" \/>\n<meta property=\"og:site_name\" content=\"Landaola - Gipuzkoako Landa Garapen Elkarteen Federazioa\" \/>\n<meta property=\"article:publisher\" content=\"https:\/\/www.facebook.com\/Landaola-1306311309416102\" \/>\n<meta property=\"article:published_time\" content=\"2022-11-03T10:22:50+00:00\" \/>\n<meta property=\"article:modified_time\" content=\"2026-01-19T09:03:38+00:00\" \/>\n<meta name=\"author\" content=\"admin\" \/>\n<meta name=\"twitter:card\" content=\"summary_large_image\" \/>\n<meta name=\"twitter:creator\" content=\"@Landaola_\" \/>\n<meta name=\"twitter:site\" content=\"@Landaola_\" \/>\n<meta name=\"twitter:label1\" content=\"Escrito por\" \/>\n\t<meta name=\"twitter:data1\" content=\"admin\" \/>\n\t<meta name=\"twitter:label2\" content=\"Tiempo de lectura\" \/>\n\t<meta name=\"twitter:data2\" content=\"8 minutos\" \/>\n<script type=\"application\/ld+json\" class=\"yoast-schema-graph\">{\"@context\":\"https:\/\/schema.org\",\"@graph\":[{\"@type\":\"Article\",\"@id\":\"https:\/\/landaola.eus\/es\/politica-de-privacidad\/#article\",\"isPartOf\":{\"@id\":\"https:\/\/landaola.eus\/es\/politica-de-privacidad\/\"},\"author\":{\"name\":\"admin\",\"@id\":\"https:\/\/landaola.eus\/#\/schema\/person\/8cae01563bb2e59e8efbd02bb907c029\"},\"headline\":\"Pol\u00edtica de privacidad\",\"datePublished\":\"2022-11-03T10:22:50+00:00\",\"dateModified\":\"2026-01-19T09:03:38+00:00\",\"mainEntityOfPage\":{\"@id\":\"https:\/\/landaola.eus\/es\/politica-de-privacidad\/\"},\"wordCount\":1645,\"publisher\":{\"@id\":\"https:\/\/landaola.eus\/#organization\"},\"articleSection\":[\"Textos legales\"],\"inLanguage\":\"es\"},{\"@type\":\"WebPage\",\"@id\":\"https:\/\/landaola.eus\/es\/politica-de-privacidad\/\",\"url\":\"https:\/\/landaola.eus\/es\/politica-de-privacidad\/\",\"name\":\"Pol\u00edtica de privacidad - Landaola - Gipuzkoako Landa Garapen Elkarteen Federazioa\",\"isPartOf\":{\"@id\":\"https:\/\/landaola.eus\/#website\"},\"datePublished\":\"2022-11-03T10:22:50+00:00\",\"dateModified\":\"2026-01-19T09:03:38+00:00\",\"breadcrumb\":{\"@id\":\"https:\/\/landaola.eus\/es\/politica-de-privacidad\/#breadcrumb\"},\"inLanguage\":\"es\",\"potentialAction\":[{\"@type\":\"ReadAction\",\"target\":[\"https:\/\/landaola.eus\/es\/politica-de-privacidad\/\"]}]},{\"@type\":\"BreadcrumbList\",\"@id\":\"https:\/\/landaola.eus\/es\/politica-de-privacidad\/#breadcrumb\",\"itemListElement\":[{\"@type\":\"ListItem\",\"position\":1,\"name\":\"Home\",\"item\":\"https:\/\/landaola.eus\/es\/\"},{\"@type\":\"ListItem\",\"position\":2,\"name\":\"Pol\u00edtica de privacidad\"}]},{\"@type\":\"WebSite\",\"@id\":\"https:\/\/landaola.eus\/#website\",\"url\":\"https:\/\/landaola.eus\/\",\"name\":\"Landaola - Gipuzkoako Landa Garapen Elkarteen Federazioa\",\"description\":\"Gipuzkoako Landa Garapen Elkarteen Federazioa\",\"publisher\":{\"@id\":\"https:\/\/landaola.eus\/#organization\"},\"potentialAction\":[{\"@type\":\"SearchAction\",\"target\":{\"@type\":\"EntryPoint\",\"urlTemplate\":\"https:\/\/landaola.eus\/?s={search_term_string}\"},\"query-input\":\"required name=search_term_string\"}],\"inLanguage\":\"es\"},{\"@type\":\"Organization\",\"@id\":\"https:\/\/landaola.eus\/#organization\",\"name\":\"LANDAOLA\",\"alternateName\":\"Gipuzkoako landa garapen elkarteen federazioa\",\"url\":\"https:\/\/landaola.eus\/\",\"logo\":{\"@type\":\"ImageObject\",\"inLanguage\":\"es\",\"@id\":\"https:\/\/landaola.eus\/#\/schema\/logo\/image\/\",\"url\":\"https:\/\/landaola.eus\/wp-content\/uploads\/2022\/11\/landaola.svg\",\"contentUrl\":\"https:\/\/landaola.eus\/wp-content\/uploads\/2022\/11\/landaola.svg\",\"width\":1,\"height\":1,\"caption\":\"LANDAOLA\"},\"image\":{\"@id\":\"https:\/\/landaola.eus\/#\/schema\/logo\/image\/\"},\"sameAs\":[\"https:\/\/www.facebook.com\/Landaola-1306311309416102\",\"https:\/\/twitter.com\/Landaola_\",\"https:\/\/www.youtube.com\/channel\/UCmr3BnLvYWU86tkM-rHfXGg\",\"https:\/\/www.instagram.com\/landaola_\/?igshid=YmMyMTA2M2Y\"]},{\"@type\":\"Person\",\"@id\":\"https:\/\/landaola.eus\/#\/schema\/person\/8cae01563bb2e59e8efbd02bb907c029\",\"name\":\"admin\",\"image\":{\"@type\":\"ImageObject\",\"inLanguage\":\"es\",\"@id\":\"https:\/\/landaola.eus\/#\/schema\/person\/image\/\",\"url\":\"https:\/\/secure.gravatar.com\/avatar\/8c3a9acb8f9806cac7d9a6cb951448f6?s=96&d=mm&r=g\",\"contentUrl\":\"https:\/\/secure.gravatar.com\/avatar\/8c3a9acb8f9806cac7d9a6cb951448f6?s=96&d=mm&r=g\",\"caption\":\"admin\"},\"sameAs\":[\"http:\/\/landaola.eus\"],\"url\":\"https:\/\/landaola.eus\/es\/author\/admin\/\"}]}<\/script>\n<!-- \/ Yoast SEO plugin. -->","yoast_head_json":{"title":"Pol\u00edtica de privacidad - Landaola - Gipuzkoako Landa Garapen Elkarteen Federazioa","robots":{"index":"index","follow":"follow","max-snippet":"max-snippet:-1","max-image-preview":"max-image-preview:large","max-video-preview":"max-video-preview:-1"},"canonical":"https:\/\/landaola.eus\/es\/politica-de-privacidad\/","og_locale":"es_ES","og_type":"article","og_title":"Pol\u00edtica de privacidad - Landaola - Gipuzkoako Landa Garapen Elkarteen Federazioa","og_description":"LANDAOLA se encuentra profundamente comprometido con el cumplimiento de la Legislaci\u00f3n Espa\u00f1ola y Europea aplicable a la protecci\u00f3n de datos de car\u00e1cter personal, y garantiza el cumplimiento \u00edntegro de las obligaciones dispuestas, as\u00ed como la implementaci\u00f3n de las disposiciones incluidas en la Ley Org\u00e1nica 3\/2018, de Protecci\u00f3n de Datos personales y en las medidas del [&hellip;]","og_url":"https:\/\/landaola.eus\/es\/politica-de-privacidad\/","og_site_name":"Landaola - Gipuzkoako Landa Garapen Elkarteen Federazioa","article_publisher":"https:\/\/www.facebook.com\/Landaola-1306311309416102","article_published_time":"2022-11-03T10:22:50+00:00","article_modified_time":"2026-01-19T09:03:38+00:00","author":"admin","twitter_card":"summary_large_image","twitter_creator":"@Landaola_","twitter_site":"@Landaola_","twitter_misc":{"Escrito por":"admin","Tiempo de lectura":"8 minutos"},"schema":{"@context":"https:\/\/schema.org","@graph":[{"@type":"Article","@id":"https:\/\/landaola.eus\/es\/politica-de-privacidad\/#article","isPartOf":{"@id":"https:\/\/landaola.eus\/es\/politica-de-privacidad\/"},"author":{"name":"admin","@id":"https:\/\/landaola.eus\/#\/schema\/person\/8cae01563bb2e59e8efbd02bb907c029"},"headline":"Pol\u00edtica de privacidad","datePublished":"2022-11-03T10:22:50+00:00","dateModified":"2026-01-19T09:03:38+00:00","mainEntityOfPage":{"@id":"https:\/\/landaola.eus\/es\/politica-de-privacidad\/"},"wordCount":1645,"publisher":{"@id":"https:\/\/landaola.eus\/#organization"},"articleSection":["Textos legales"],"inLanguage":"es"},{"@type":"WebPage","@id":"https:\/\/landaola.eus\/es\/politica-de-privacidad\/","url":"https:\/\/landaola.eus\/es\/politica-de-privacidad\/","name":"Pol\u00edtica de privacidad - Landaola - Gipuzkoako Landa Garapen Elkarteen Federazioa","isPartOf":{"@id":"https:\/\/landaola.eus\/#website"},"datePublished":"2022-11-03T10:22:50+00:00","dateModified":"2026-01-19T09:03:38+00:00","breadcrumb":{"@id":"https:\/\/landaola.eus\/es\/politica-de-privacidad\/#breadcrumb"},"inLanguage":"es","potentialAction":[{"@type":"ReadAction","target":["https:\/\/landaola.eus\/es\/politica-de-privacidad\/"]}]},{"@type":"BreadcrumbList","@id":"https:\/\/landaola.eus\/es\/politica-de-privacidad\/#breadcrumb","itemListElement":[{"@type":"ListItem","position":1,"name":"Home","item":"https:\/\/landaola.eus\/es\/"},{"@type":"ListItem","position":2,"name":"Pol\u00edtica de privacidad"}]},{"@type":"WebSite","@id":"https:\/\/landaola.eus\/#website","url":"https:\/\/landaola.eus\/","name":"Landaola - Gipuzkoako Landa Garapen Elkarteen Federazioa","description":"Gipuzkoako Landa Garapen Elkarteen Federazioa","publisher":{"@id":"https:\/\/landaola.eus\/#organization"},"potentialAction":[{"@type":"SearchAction","target":{"@type":"EntryPoint","urlTemplate":"https:\/\/landaola.eus\/?s={search_term_string}"},"query-input":"required name=search_term_string"}],"inLanguage":"es"},{"@type":"Organization","@id":"https:\/\/landaola.eus\/#organization","name":"LANDAOLA","alternateName":"Gipuzkoako landa garapen elkarteen federazioa","url":"https:\/\/landaola.eus\/","logo":{"@type":"ImageObject","inLanguage":"es","@id":"https:\/\/landaola.eus\/#\/schema\/logo\/image\/","url":"https:\/\/landaola.eus\/wp-content\/uploads\/2022\/11\/landaola.svg","contentUrl":"https:\/\/landaola.eus\/wp-content\/uploads\/2022\/11\/landaola.svg","width":1,"height":1,"caption":"LANDAOLA"},"image":{"@id":"https:\/\/landaola.eus\/#\/schema\/logo\/image\/"},"sameAs":["https:\/\/www.facebook.com\/Landaola-1306311309416102","https:\/\/twitter.com\/Landaola_","https:\/\/www.youtube.com\/channel\/UCmr3BnLvYWU86tkM-rHfXGg","https:\/\/www.instagram.com\/landaola_\/?igshid=YmMyMTA2M2Y"]},{"@type":"Person","@id":"https:\/\/landaola.eus\/#\/schema\/person\/8cae01563bb2e59e8efbd02bb907c029","name":"admin","image":{"@type":"ImageObject","inLanguage":"es","@id":"https:\/\/landaola.eus\/#\/schema\/person\/image\/","url":"https:\/\/secure.gravatar.com\/avatar\/8c3a9acb8f9806cac7d9a6cb951448f6?s=96&d=mm&r=g","contentUrl":"https:\/\/secure.gravatar.com\/avatar\/8c3a9acb8f9806cac7d9a6cb951448f6?s=96&d=mm&r=g","caption":"admin"},"sameAs":["http:\/\/landaola.eus"],"url":"https:\/\/landaola.eus\/es\/author\/admin\/"}]}},"_links":{"self":[{"href":"https:\/\/landaola.eus\/es\/wp-json\/wp\/v2\/posts\/441"}],"collection":[{"href":"https:\/\/landaola.eus\/es\/wp-json\/wp\/v2\/posts"}],"about":[{"href":"https:\/\/landaola.eus\/es\/wp-json\/wp\/v2\/types\/post"}],"author":[{"embeddable":true,"href":"https:\/\/landaola.eus\/es\/wp-json\/wp\/v2\/users\/1"}],"replies":[{"embeddable":true,"href":"https:\/\/landaola.eus\/es\/wp-json\/wp\/v2\/comments?post=441"}],"version-history":[{"count":4,"href":"https:\/\/landaola.eus\/es\/wp-json\/wp\/v2\/posts\/441\/revisions"}],"predecessor-version":[{"id":880,"href":"https:\/\/landaola.eus\/es\/wp-json\/wp\/v2\/posts\/441\/revisions\/880"}],"wp:attachment":[{"href":"https:\/\/landaola.eus\/es\/wp-json\/wp\/v2\/media?parent=441"}],"wp:term":[{"taxonomy":"category","embeddable":true,"href":"https:\/\/landaola.eus\/es\/wp-json\/wp\/v2\/categories?post=441"},{"taxonomy":"post_tag","embeddable":true,"href":"https:\/\/landaola.eus\/es\/wp-json\/wp\/v2\/tags?post=441"}],"curies":[{"name":"wp","href":"https:\/\/api.w.org\/{rel}","templated":true}]}}