{"id":322,"date":"2022-09-22T09:18:03","date_gmt":"2022-09-22T08:18:03","guid":{"rendered":"http:\/\/landaola.eus\/?p=322"},"modified":"2026-01-19T10:03:38","modified_gmt":"2026-01-19T09:03:38","slug":"v-landaola-sariak","status":"publish","type":"post","link":"https:\/\/landaola.eus\/es\/v-landaola-sariak\/","title":{"rendered":"V. Premios Landaola"},"content":{"rendered":"\n<p>Un a\u00f1o m\u00e1s, queriendo reconocer los proyectos de desarrollo rural de Gipuzkoa, la Federaci\u00f3n Landaola ha organizado la <strong>V. edici\u00f3n de Landaola Sariak<\/strong>. Y estos son los proyectos premiados:<\/p>\n\n\n\n<!--more-->\n\n\n\n<h2 class=\"wp-block-heading\">Premiado en el apartado de entidades privadas: <strong>BASERRITIK ZURETZAT, KOOPERAZIO PROIEKTUA<\/strong>. Gipuzkoako EHNE, EHENELUR eta EDERTO<\/h2>\n\n\n\n<figure class=\"wp-block-image size-full is-resized\"><img decoding=\"async\" src=\"http:\/\/landaola.eus\/wp-content\/uploads\/2022\/09\/BASERRITIK-ZURETZAT-KOOPERAZIO-PROIEKTUA.-Gipuzkoako-EHNE-EHENELUR-eta-EDERTO.jpg\" alt=\"\" class=\"wp-image-330\" width=\"724\" srcset=\"https:\/\/landaola.eus\/wp-content\/uploads\/2022\/09\/BASERRITIK-ZURETZAT-KOOPERAZIO-PROIEKTUA.-Gipuzkoako-EHNE-EHENELUR-eta-EDERTO.jpg 983w, https:\/\/landaola.eus\/wp-content\/uploads\/2022\/09\/BASERRITIK-ZURETZAT-KOOPERAZIO-PROIEKTUA.-Gipuzkoako-EHNE-EHENELUR-eta-EDERTO-300x200.jpg 300w, https:\/\/landaola.eus\/wp-content\/uploads\/2022\/09\/BASERRITIK-ZURETZAT-KOOPERAZIO-PROIEKTUA.-Gipuzkoako-EHNE-EHENELUR-eta-EDERTO-768x512.jpg 768w\" sizes=\"(max-width: 983px) 100vw, 983px\" \/><\/figure>\n\n\n\n<p>El proyecto <strong>Baserritik zuretzat <\/strong>comenz\u00f3 a desarrollarse en el primer golpe fuerte de la pandemia de la COVID19. En ese momento, se trataba de comercializar alimentos, que la situaci\u00f3n provocada por el confinamiento hab\u00eda impedido su venta. El objetivo de esta iniciativa es desarrollar e incorporar un sistema de alimentaci\u00f3n de circuito corto y sostenible, organizando una red de productos vascos comercialmente atractivos y econ\u00f3micamente rentables, al tiempo que se crea una marca de garant\u00eda para el comprador. Se pretende crear una exposici\u00f3n p\u00fablica conjunta y f\u00e1cilmente identificable de productos de peque\u00f1os productores y productoras de comida y bebida de Gipuzkoa en puntos de venta cercanos. La innovaci\u00f3n del proyecto est\u00e1 en la cadena de valor. Todas las personas participantes en el proyecto tienen concertados los precios mediante contrato, desde el inicio hasta el final de la cadena de valor. Adem\u00e1s, se utilizar\u00e1 una red de distribuci\u00f3n ya creada, evitando as\u00ed incrementos significativos en los costes de distribuci\u00f3n.<\/p>\n\n\n\n<hr class=\"wp-block-separator has-alpha-channel-opacity is-style-wide\"\/>\n\n\n\n<h2 class=\"wp-block-heading\">Premiado en el apartado de entidades p\u00fablicas: <strong>HERNANIKO UDALA<\/strong>. Hernani Burujabe<\/h2>\n\n\n\n<figure class=\"wp-block-image size-full is-resized\"><img decoding=\"async\" src=\"http:\/\/landaola.eus\/wp-content\/uploads\/2022\/09\/HERNANIKO-UDALA.-Hernani-Burujabe.jpg\" alt=\"\" class=\"wp-image-331\" width=\"724\" srcset=\"https:\/\/landaola.eus\/wp-content\/uploads\/2022\/09\/HERNANIKO-UDALA.-Hernani-Burujabe.jpg 800w, https:\/\/landaola.eus\/wp-content\/uploads\/2022\/09\/HERNANIKO-UDALA.-Hernani-Burujabe-300x200.jpg 300w, https:\/\/landaola.eus\/wp-content\/uploads\/2022\/09\/HERNANIKO-UDALA.-Hernani-Burujabe-768x512.jpg 768w\" sizes=\"(max-width: 800px) 100vw, 800px\" \/><\/figure>\n\n\n\n<p>El objetivo de esta iniciativa es reducir la dependencia de las multinacionales exteriores y favorecer la producci\u00f3n local. Se busca construir un sistema alimentario local propio para avanzar en la soberan\u00eda alimentaria, interviniendo en todas las fases del sector a trav\u00e9s del modelo de gobernanza p\u00fablico-econ\u00f3mico-ciudadana. A trav\u00e9s de esta iniciativa se buscar\u00e1 la recuperaci\u00f3n de tierras agropecuarias, se promover\u00e1 la implantaci\u00f3n de nuevos productores\/as y se ofertar\u00e1n recursos e infraestructuras para la transformaci\u00f3n y comercializaci\u00f3n de la producci\u00f3n local. Para contribuir a la promoci\u00f3n de la agricultura y ganader\u00eda de la localidad, el <strong>Ayuntamiento de Hernani <\/strong>ha firmado un convenio con Henase (Asociaci\u00f3n de agricultores y ganaderos profesionales de Hernani) y le ha concedido una ayuda de 50.000 euros para poder llevar a cabo los retos que tiene planteados la asociaci\u00f3n.<\/p>\n\n\n\n<hr class=\"wp-block-separator has-alpha-channel-opacity is-style-wide\"\/>\n\n\n\n<h2 class=\"wp-block-heading\">Premio Landaola a las mujeres en el medio rural: <strong>NAGORE MARTIN<\/strong><\/h2>\n\n\n\n<figure class=\"wp-block-image size-full is-resized\"><img loading=\"lazy\" decoding=\"async\" src=\"http:\/\/landaola.eus\/wp-content\/uploads\/2022\/09\/NAGORE-MARTIN.jpg\" alt=\"\" class=\"wp-image-333\" width=\"427\" height=\"569\" srcset=\"https:\/\/landaola.eus\/wp-content\/uploads\/2022\/09\/NAGORE-MARTIN.jpg 638w, https:\/\/landaola.eus\/wp-content\/uploads\/2022\/09\/NAGORE-MARTIN-225x300.jpg 225w\" sizes=\"(max-width: 427px) 100vw, 427px\" \/><\/figure>\n\n\n\n<p>Aunque naci\u00f3 y creci\u00f3 en una ciudad, hace 9 a\u00f1os, abandon\u00f3 esta zona y puso en marcha la explotaci\u00f3n de cabras alpinas en los terrenos marm\u00f3reos del caser\u00edo Egotza, en el barrio Txurruka de Soraluze. <strong>Nagore <\/strong>es la \u00fanica baserritarra en Soraluze con dedicaci\u00f3n plena a la agricultura. Aunque comenz\u00f3 su andadura con 54 cabras, ya suma unas 90. <strong>Nagore <\/strong>es una de las cuatro cabreras que hay en Gipuzkoa. Bajo el nombre de EGOTZA, comercializa tres tipos de queso: pasta prensada, queso fresco y queso de rulo. En total, elabora aproximadamente 2.500 Kg de queso al a\u00f1o y los vende tanto en ferias como en peque\u00f1os comercios de la localidad. Adem\u00e1s de su amor por los animales, la principal motivaci\u00f3n para emprender este proyecto fue criar y educar a sus hijos e hijas en un entorno rural, conciliando trabajo y familia. <strong>Nagore <\/strong>ha sido una mujer emprendedora a la hora de poner en marcha su negocio, pero ha ido m\u00e1s all\u00e1 y ha tenido la iniciativa de crear redes con el resto de cabreros. Tambi\u00e9n ha sido una de las impulsoras de la promoci\u00f3n de acciones comunes con otros queseros y queseras de la comarca. Con este premio queremos poner en valor la apuesta de <strong>Nagore <\/strong>por el caser\u00edo en un pueblo como Soraluze, y por hacer de la ganader\u00eda y la queser\u00eda su oficio, siendo adem\u00e1s, una mujer que no ten\u00eda ninguna relaci\u00f3n con el mundo rural.<\/p>\n\n\n\n<hr class=\"wp-block-separator has-alpha-channel-opacity is-style-wide\"\/>\n\n\n\n<h2 class=\"wp-block-heading\">Premio Landaola a toda una trayectoria: <strong>ARTZAIN ESKOLA<\/strong><\/h2>\n\n\n\n<figure class=\"wp-block-image size-full is-resized\"><img decoding=\"async\" src=\"http:\/\/landaola.eus\/wp-content\/uploads\/2022\/09\/ARTZAIN-ESKOLA-1.jpg\" alt=\"\" class=\"wp-image-332\" width=\"724\" srcset=\"https:\/\/landaola.eus\/wp-content\/uploads\/2022\/09\/ARTZAIN-ESKOLA-1.jpg 992w, https:\/\/landaola.eus\/wp-content\/uploads\/2022\/09\/ARTZAIN-ESKOLA-1-300x225.jpg 300w, https:\/\/landaola.eus\/wp-content\/uploads\/2022\/09\/ARTZAIN-ESKOLA-1-768x576.jpg 768w\" sizes=\"(max-width: 992px) 100vw, 992px\" \/><\/figure>\n\n\n\n<p>La <strong>Artzain Eskola de Gomiztegi <\/strong>naci\u00f3 en 1997 para dar una soluci\u00f3n a la grave situaci\u00f3n del mundo pastoril. La escuela comenz\u00f3 su andadura con nueve alumnos dinamizando el emprendizaje y la formaci\u00f3n, con el objetivo de ayudar a reactivar la cadena de valor de la leche de oveja y cabra. <strong>Artzain Eskola <\/strong>ha desarrollado durante todos estos a\u00f1os un modelo formativo en el que se trabaja la formaci\u00f3n emp\u00edrica, la pr\u00e1ctica continua en la empresa, el conocimiento integral de la cadena de valor ovina y caprina (desde el animal hasta la venta de productos l\u00e1cteos), las vivencias en la empresa rural, la eficacia o la colaboraci\u00f3n. <strong>Artzain Eskola <\/strong>ha hecho un esfuerzo por desarrollar una cultura propia de formaci\u00f3n para que aparezca en todo su cat\u00e1logo de servicios, tanto para los profesionales como para los emprendedores que quieran generar su actividad. En estos 25 a\u00f1os han pasado por <strong>Artzain Eskola <\/strong>307 alumnos y alumnas, 244 hombres y 63 mujeres. De cara al futuro, <strong>Artzain Eskola <\/strong>quiere seguir siendo un agente de referencia para la revitalizaci\u00f3n del sector, un punto de encuentro y referencia para la cadena de valor ovino y caprino.<\/p>\n\n\n\n<hr class=\"wp-block-separator has-alpha-channel-opacity is-style-wide\"\/>\n\n\n\n<h2 class=\"wp-block-heading\">Proyectos nominados<\/h2>\n\n\n\n<p>Koldo Huegun: Lartzandieta &#8211; Compost de caser\u00edo<\/p>\n\n\n\n<p>Ainara Abasolo: Irrika Gluten free bakery<\/p>\n\n\n\n<p>Argi\u00f1e Rubio Zubiaurre: Katamixaren basoa espacio natural<\/p>\n\n\n\n<p>Ainitze Sala: Plantas medicinales Beiztin Berri<\/p>\n\n\n\n<p>Latxari: Proyecto de cooperaci\u00f3n<\/p>\n\n\n\n<p>Elgetako eskola: \u00abHamaiketako\u00bb saludable en la escuela de Elgeta <\/p>\n\n\n\n<p>Ayuntamiento de Mendaro: Ascensores para subir al hospital desde el casco urbano de Mendaro<\/p>\n\n\n\n<p>Asociaci\u00f3n alimentaria Madura y Ayuntamiento de Segura: Zopazoka<\/p>\n\n\n\n<p>Ayuntamiento de Baliarrain: Autoabastecimiento fotovolt\u00e1ico de energ\u00eda de Baliarrain y carga para veh\u00edculos<\/p>\n\n\n\n<p>Mancomunidad de Saiaz: Mancomunidad de servicios sociales Saiaz<\/p>\n\n\n\n<hr class=\"wp-block-separator has-alpha-channel-opacity is-style-wide\"\/>\n\n\n\n<div class=\"wp-block-buttons is-layout-flex wp-block-buttons-is-layout-flex\">\n<div class=\"wp-block-button\"><a class=\"wp-block-button__link\" href=\"http:\/\/landaola.eus\/wp-content\/uploads\/2022\/09\/Dossier-LANDAOLA-SARIAK-5-EUSK-.pdf\" target=\"_blank\" rel=\"noreferrer noopener\">Dossier &#8211; V. PREMIOS LANDAOLA<\/a><\/div>\n<\/div>\n\n\n\n<p><\/p>\n\n\n\n<div class=\"wp-block-buttons is-layout-flex wp-block-buttons-is-layout-flex\">\n<div class=\"wp-block-button\"><a class=\"wp-block-button__link\" href=\"https:\/\/www.youtube.com\/watch?v=G1uecDVPZec\" target=\"_blank\" rel=\"noreferrer noopener\">VIDEO DEL EVENTO                       <\/a><\/div>\n<\/div>\n","protected":false},"excerpt":{"rendered":"<p>Un a\u00f1o m\u00e1s, queriendo reconocer los proyectos de desarrollo rural de Gipuzkoa, la Federaci\u00f3n Landaola ha organizado la V. edici\u00f3n de Landaola Sariak. Y estos son los proyectos premiados:<\/p>\n","protected":false},"author":1,"featured_media":0,"comment_status":"closed","ping_status":"closed","sticky":false,"template":"","format":"standard","meta":{"footnotes":""},"categories":[18],"tags":[],"yoast_head":"<!-- This site is optimized with the Yoast SEO plugin v21.5 - https:\/\/yoast.com\/wordpress\/plugins\/seo\/ -->\n<title>V. Premios Landaola - Landaola - Gipuzkoako Landa Garapen Elkarteen Federazioa<\/title>\n<meta name=\"robots\" content=\"index, follow, max-snippet:-1, max-image-preview:large, max-video-preview:-1\" \/>\n<link rel=\"canonical\" href=\"https:\/\/landaola.eus\/es\/v-landaola-sariak\/\" \/>\n<meta property=\"og:locale\" content=\"es_ES\" \/>\n<meta property=\"og:type\" content=\"article\" \/>\n<meta property=\"og:title\" content=\"V. Premios Landaola - Landaola - Gipuzkoako Landa Garapen Elkarteen Federazioa\" \/>\n<meta property=\"og:description\" content=\"Un a\u00f1o m\u00e1s, queriendo reconocer los proyectos de desarrollo rural de Gipuzkoa, la Federaci\u00f3n Landaola ha organizado la V. edici\u00f3n de Landaola Sariak. Y estos son los proyectos premiados:\" \/>\n<meta property=\"og:url\" content=\"https:\/\/landaola.eus\/es\/v-landaola-sariak\/\" \/>\n<meta property=\"og:site_name\" content=\"Landaola - Gipuzkoako Landa Garapen Elkarteen Federazioa\" \/>\n<meta property=\"article:publisher\" content=\"https:\/\/www.facebook.com\/Landaola-1306311309416102\" \/>\n<meta property=\"article:published_time\" content=\"2022-09-22T08:18:03+00:00\" \/>\n<meta property=\"article:modified_time\" content=\"2026-01-19T09:03:38+00:00\" \/>\n<meta property=\"og:image\" content=\"http:\/\/landaola.eus\/wp-content\/uploads\/2022\/09\/BASERRITIK-ZURETZAT-KOOPERAZIO-PROIEKTUA.-Gipuzkoako-EHNE-EHENELUR-eta-EDERTO.jpg\" \/>\n<meta name=\"author\" content=\"admin\" \/>\n<meta name=\"twitter:card\" content=\"summary_large_image\" \/>\n<meta name=\"twitter:creator\" content=\"@Landaola_\" \/>\n<meta name=\"twitter:site\" content=\"@Landaola_\" \/>\n<meta name=\"twitter:label1\" content=\"Escrito por\" \/>\n\t<meta name=\"twitter:data1\" content=\"admin\" \/>\n\t<meta name=\"twitter:label2\" content=\"Tiempo de lectura\" \/>\n\t<meta name=\"twitter:data2\" content=\"5 minutos\" \/>\n<script type=\"application\/ld+json\" class=\"yoast-schema-graph\">{\"@context\":\"https:\/\/schema.org\",\"@graph\":[{\"@type\":\"Article\",\"@id\":\"https:\/\/landaola.eus\/es\/v-landaola-sariak\/#article\",\"isPartOf\":{\"@id\":\"https:\/\/landaola.eus\/es\/v-landaola-sariak\/\"},\"author\":{\"name\":\"admin\",\"@id\":\"https:\/\/landaola.eus\/#\/schema\/person\/8cae01563bb2e59e8efbd02bb907c029\"},\"headline\":\"V. Premios Landaola\",\"datePublished\":\"2022-09-22T08:18:03+00:00\",\"dateModified\":\"2026-01-19T09:03:38+00:00\",\"mainEntityOfPage\":{\"@id\":\"https:\/\/landaola.eus\/es\/v-landaola-sariak\/\"},\"wordCount\":954,\"publisher\":{\"@id\":\"https:\/\/landaola.eus\/#organization\"},\"articleSection\":[\"Premios landaola\"],\"inLanguage\":\"es\"},{\"@type\":\"WebPage\",\"@id\":\"https:\/\/landaola.eus\/es\/v-landaola-sariak\/\",\"url\":\"https:\/\/landaola.eus\/es\/v-landaola-sariak\/\",\"name\":\"V. Premios Landaola - Landaola - Gipuzkoako Landa Garapen Elkarteen Federazioa\",\"isPartOf\":{\"@id\":\"https:\/\/landaola.eus\/#website\"},\"datePublished\":\"2022-09-22T08:18:03+00:00\",\"dateModified\":\"2026-01-19T09:03:38+00:00\",\"breadcrumb\":{\"@id\":\"https:\/\/landaola.eus\/es\/v-landaola-sariak\/#breadcrumb\"},\"inLanguage\":\"es\",\"potentialAction\":[{\"@type\":\"ReadAction\",\"target\":[\"https:\/\/landaola.eus\/es\/v-landaola-sariak\/\"]}]},{\"@type\":\"BreadcrumbList\",\"@id\":\"https:\/\/landaola.eus\/es\/v-landaola-sariak\/#breadcrumb\",\"itemListElement\":[{\"@type\":\"ListItem\",\"position\":1,\"name\":\"Home\",\"item\":\"https:\/\/landaola.eus\/es\/\"},{\"@type\":\"ListItem\",\"position\":2,\"name\":\"V. Premios Landaola\"}]},{\"@type\":\"WebSite\",\"@id\":\"https:\/\/landaola.eus\/#website\",\"url\":\"https:\/\/landaola.eus\/\",\"name\":\"Landaola - Gipuzkoako Landa Garapen Elkarteen Federazioa\",\"description\":\"Gipuzkoako Landa Garapen Elkarteen Federazioa\",\"publisher\":{\"@id\":\"https:\/\/landaola.eus\/#organization\"},\"potentialAction\":[{\"@type\":\"SearchAction\",\"target\":{\"@type\":\"EntryPoint\",\"urlTemplate\":\"https:\/\/landaola.eus\/?s={search_term_string}\"},\"query-input\":\"required name=search_term_string\"}],\"inLanguage\":\"es\"},{\"@type\":\"Organization\",\"@id\":\"https:\/\/landaola.eus\/#organization\",\"name\":\"LANDAOLA\",\"alternateName\":\"Gipuzkoako landa garapen elkarteen federazioa\",\"url\":\"https:\/\/landaola.eus\/\",\"logo\":{\"@type\":\"ImageObject\",\"inLanguage\":\"es\",\"@id\":\"https:\/\/landaola.eus\/#\/schema\/logo\/image\/\",\"url\":\"https:\/\/landaola.eus\/wp-content\/uploads\/2022\/11\/landaola.svg\",\"contentUrl\":\"https:\/\/landaola.eus\/wp-content\/uploads\/2022\/11\/landaola.svg\",\"width\":1,\"height\":1,\"caption\":\"LANDAOLA\"},\"image\":{\"@id\":\"https:\/\/landaola.eus\/#\/schema\/logo\/image\/\"},\"sameAs\":[\"https:\/\/www.facebook.com\/Landaola-1306311309416102\",\"https:\/\/twitter.com\/Landaola_\",\"https:\/\/www.youtube.com\/channel\/UCmr3BnLvYWU86tkM-rHfXGg\",\"https:\/\/www.instagram.com\/landaola_\/?igshid=YmMyMTA2M2Y\"]},{\"@type\":\"Person\",\"@id\":\"https:\/\/landaola.eus\/#\/schema\/person\/8cae01563bb2e59e8efbd02bb907c029\",\"name\":\"admin\",\"image\":{\"@type\":\"ImageObject\",\"inLanguage\":\"es\",\"@id\":\"https:\/\/landaola.eus\/#\/schema\/person\/image\/\",\"url\":\"https:\/\/secure.gravatar.com\/avatar\/8c3a9acb8f9806cac7d9a6cb951448f6?s=96&d=mm&r=g\",\"contentUrl\":\"https:\/\/secure.gravatar.com\/avatar\/8c3a9acb8f9806cac7d9a6cb951448f6?s=96&d=mm&r=g\",\"caption\":\"admin\"},\"sameAs\":[\"http:\/\/landaola.eus\"],\"url\":\"https:\/\/landaola.eus\/es\/author\/admin\/\"}]}<\/script>\n<!-- \/ Yoast SEO plugin. -->","yoast_head_json":{"title":"V. Premios Landaola - Landaola - Gipuzkoako Landa Garapen Elkarteen Federazioa","robots":{"index":"index","follow":"follow","max-snippet":"max-snippet:-1","max-image-preview":"max-image-preview:large","max-video-preview":"max-video-preview:-1"},"canonical":"https:\/\/landaola.eus\/es\/v-landaola-sariak\/","og_locale":"es_ES","og_type":"article","og_title":"V. Premios Landaola - Landaola - Gipuzkoako Landa Garapen Elkarteen Federazioa","og_description":"Un a\u00f1o m\u00e1s, queriendo reconocer los proyectos de desarrollo rural de Gipuzkoa, la Federaci\u00f3n Landaola ha organizado la V. edici\u00f3n de Landaola Sariak. Y estos son los proyectos premiados:","og_url":"https:\/\/landaola.eus\/es\/v-landaola-sariak\/","og_site_name":"Landaola - Gipuzkoako Landa Garapen Elkarteen Federazioa","article_publisher":"https:\/\/www.facebook.com\/Landaola-1306311309416102","article_published_time":"2022-09-22T08:18:03+00:00","article_modified_time":"2026-01-19T09:03:38+00:00","og_image":[{"url":"http:\/\/landaola.eus\/wp-content\/uploads\/2022\/09\/BASERRITIK-ZURETZAT-KOOPERAZIO-PROIEKTUA.-Gipuzkoako-EHNE-EHENELUR-eta-EDERTO.jpg"}],"author":"admin","twitter_card":"summary_large_image","twitter_creator":"@Landaola_","twitter_site":"@Landaola_","twitter_misc":{"Escrito por":"admin","Tiempo de lectura":"5 minutos"},"schema":{"@context":"https:\/\/schema.org","@graph":[{"@type":"Article","@id":"https:\/\/landaola.eus\/es\/v-landaola-sariak\/#article","isPartOf":{"@id":"https:\/\/landaola.eus\/es\/v-landaola-sariak\/"},"author":{"name":"admin","@id":"https:\/\/landaola.eus\/#\/schema\/person\/8cae01563bb2e59e8efbd02bb907c029"},"headline":"V. Premios Landaola","datePublished":"2022-09-22T08:18:03+00:00","dateModified":"2026-01-19T09:03:38+00:00","mainEntityOfPage":{"@id":"https:\/\/landaola.eus\/es\/v-landaola-sariak\/"},"wordCount":954,"publisher":{"@id":"https:\/\/landaola.eus\/#organization"},"articleSection":["Premios landaola"],"inLanguage":"es"},{"@type":"WebPage","@id":"https:\/\/landaola.eus\/es\/v-landaola-sariak\/","url":"https:\/\/landaola.eus\/es\/v-landaola-sariak\/","name":"V. Premios Landaola - Landaola - Gipuzkoako Landa Garapen Elkarteen Federazioa","isPartOf":{"@id":"https:\/\/landaola.eus\/#website"},"datePublished":"2022-09-22T08:18:03+00:00","dateModified":"2026-01-19T09:03:38+00:00","breadcrumb":{"@id":"https:\/\/landaola.eus\/es\/v-landaola-sariak\/#breadcrumb"},"inLanguage":"es","potentialAction":[{"@type":"ReadAction","target":["https:\/\/landaola.eus\/es\/v-landaola-sariak\/"]}]},{"@type":"BreadcrumbList","@id":"https:\/\/landaola.eus\/es\/v-landaola-sariak\/#breadcrumb","itemListElement":[{"@type":"ListItem","position":1,"name":"Home","item":"https:\/\/landaola.eus\/es\/"},{"@type":"ListItem","position":2,"name":"V. Premios Landaola"}]},{"@type":"WebSite","@id":"https:\/\/landaola.eus\/#website","url":"https:\/\/landaola.eus\/","name":"Landaola - Gipuzkoako Landa Garapen Elkarteen Federazioa","description":"Gipuzkoako Landa Garapen Elkarteen Federazioa","publisher":{"@id":"https:\/\/landaola.eus\/#organization"},"potentialAction":[{"@type":"SearchAction","target":{"@type":"EntryPoint","urlTemplate":"https:\/\/landaola.eus\/?s={search_term_string}"},"query-input":"required name=search_term_string"}],"inLanguage":"es"},{"@type":"Organization","@id":"https:\/\/landaola.eus\/#organization","name":"LANDAOLA","alternateName":"Gipuzkoako landa garapen elkarteen federazioa","url":"https:\/\/landaola.eus\/","logo":{"@type":"ImageObject","inLanguage":"es","@id":"https:\/\/landaola.eus\/#\/schema\/logo\/image\/","url":"https:\/\/landaola.eus\/wp-content\/uploads\/2022\/11\/landaola.svg","contentUrl":"https:\/\/landaola.eus\/wp-content\/uploads\/2022\/11\/landaola.svg","width":1,"height":1,"caption":"LANDAOLA"},"image":{"@id":"https:\/\/landaola.eus\/#\/schema\/logo\/image\/"},"sameAs":["https:\/\/www.facebook.com\/Landaola-1306311309416102","https:\/\/twitter.com\/Landaola_","https:\/\/www.youtube.com\/channel\/UCmr3BnLvYWU86tkM-rHfXGg","https:\/\/www.instagram.com\/landaola_\/?igshid=YmMyMTA2M2Y"]},{"@type":"Person","@id":"https:\/\/landaola.eus\/#\/schema\/person\/8cae01563bb2e59e8efbd02bb907c029","name":"admin","image":{"@type":"ImageObject","inLanguage":"es","@id":"https:\/\/landaola.eus\/#\/schema\/person\/image\/","url":"https:\/\/secure.gravatar.com\/avatar\/8c3a9acb8f9806cac7d9a6cb951448f6?s=96&d=mm&r=g","contentUrl":"https:\/\/secure.gravatar.com\/avatar\/8c3a9acb8f9806cac7d9a6cb951448f6?s=96&d=mm&r=g","caption":"admin"},"sameAs":["http:\/\/landaola.eus"],"url":"https:\/\/landaola.eus\/es\/author\/admin\/"}]}},"_links":{"self":[{"href":"https:\/\/landaola.eus\/es\/wp-json\/wp\/v2\/posts\/322"}],"collection":[{"href":"https:\/\/landaola.eus\/es\/wp-json\/wp\/v2\/posts"}],"about":[{"href":"https:\/\/landaola.eus\/es\/wp-json\/wp\/v2\/types\/post"}],"author":[{"embeddable":true,"href":"https:\/\/landaola.eus\/es\/wp-json\/wp\/v2\/users\/1"}],"replies":[{"embeddable":true,"href":"https:\/\/landaola.eus\/es\/wp-json\/wp\/v2\/comments?post=322"}],"version-history":[{"count":13,"href":"https:\/\/landaola.eus\/es\/wp-json\/wp\/v2\/posts\/322\/revisions"}],"predecessor-version":[{"id":858,"href":"https:\/\/landaola.eus\/es\/wp-json\/wp\/v2\/posts\/322\/revisions\/858"}],"wp:attachment":[{"href":"https:\/\/landaola.eus\/es\/wp-json\/wp\/v2\/media?parent=322"}],"wp:term":[{"taxonomy":"category","embeddable":true,"href":"https:\/\/landaola.eus\/es\/wp-json\/wp\/v2\/categories?post=322"},{"taxonomy":"post_tag","embeddable":true,"href":"https:\/\/landaola.eus\/es\/wp-json\/wp\/v2\/tags?post=322"}],"curies":[{"name":"wp","href":"https:\/\/api.w.org\/{rel}","templated":true}]}}