{"id":298,"date":"2022-09-22T08:41:36","date_gmt":"2022-09-22T07:41:36","guid":{"rendered":"http:\/\/landaola.eus\/?p=298"},"modified":"2026-01-19T10:03:39","modified_gmt":"2026-01-19T09:03:39","slug":"3-landaola-sariak","status":"publish","type":"post","link":"https:\/\/landaola.eus\/es\/3-landaola-sariak\/","title":{"rendered":"III. Premios Landaola"},"content":{"rendered":"\n<p>Un a\u00f1o m\u00e1s, con intenci\u00f3n de realizar un reconocimiento a los proyectos del entorno rural de Gipuzkoa, la Federaci\u00f3n Landaola ha organizado la <strong>3\u00aa edici\u00f3n de los Landaola Sariak<\/strong>. Estos son los proyectos premiados:<\/p>\n\n\n\n<!--more-->\n\n\n\n<hr class=\"wp-block-separator has-alpha-channel-opacity is-style-wide\"\/>\n\n\n\n<h2 class=\"wp-block-heading\">Premiado en el apartado de entidades privadas: <strong>ALEKA<\/strong>. Euskal Herriko Hazi Ekologikoak<\/h2>\n\n\n\n<figure class=\"wp-block-image size-full is-resized\"><img decoding=\"async\" src=\"http:\/\/landaola.eus\/wp-content\/uploads\/2022\/09\/ALEKA.-Beizama-\u2013-Euskal-Herriko-Hazi-Ekologikoak.jpg\" alt=\"\" class=\"wp-image-305\" width=\"724\" srcset=\"https:\/\/landaola.eus\/wp-content\/uploads\/2022\/09\/ALEKA.-Beizama-\u2013-Euskal-Herriko-Hazi-Ekologikoak.jpg 919w, https:\/\/landaola.eus\/wp-content\/uploads\/2022\/09\/ALEKA.-Beizama-\u2013-Euskal-Herriko-Hazi-Ekologikoak-300x182.jpg 300w, https:\/\/landaola.eus\/wp-content\/uploads\/2022\/09\/ALEKA.-Beizama-\u2013-Euskal-Herriko-Hazi-Ekologikoak-768x466.jpg 768w\" sizes=\"(max-width: 919px) 100vw, 919px\" \/><\/figure>\n\n\n\n<p>Las semillas son el centro de <strong>Aleka <\/strong>y por ello, producir, cuidar y guardar de manera ecol\u00f3gica las semillas locales es uno de sus principales objetivos. Para ello, quieren crear una estructura que profesionalice la reproducci\u00f3n y producci\u00f3n de semillas, dando estabilidad y firmeza a la actividad. Asimismo, tambi\u00e9n quieren completar la red entre caser\u00edos para producir y comercializar las semillas. De este modo, quieren satisfacer la demanda de semillas, fomentar el cuidado de la biodiversidad plantada y poner a disposici\u00f3n de los productores locales semillas libres. Mediante el consumo de cercan\u00eda quieren apoyar la comercializaci\u00f3n directa, de manera que se creen nuevas relaciones y uniones de confianza entre los productores de semillas y los agricultores del entorno.<\/p>\n\n\n\n<hr class=\"wp-block-separator has-alpha-channel-opacity is-style-wide\"\/>\n\n\n\n<h2 class=\"wp-block-heading\">Premiado en el apartado de entidades p\u00fablicas: <strong>AZPEITIKO UDALA<\/strong>. Sistema natural de depuraci\u00f3n de aguas en Aratz Erreka<\/h2>\n\n\n\n<figure class=\"wp-block-image size-full is-resized\"><img decoding=\"async\" src=\"http:\/\/landaola.eus\/wp-content\/uploads\/2022\/09\/AZPEITIKO-UDALA.-Azpeitia-\u2013-Aratz-Errekan-ura-garbitzeko-sistema-naturala.jpg\" alt=\"\" class=\"wp-image-306\" width=\"724\" srcset=\"https:\/\/landaola.eus\/wp-content\/uploads\/2022\/09\/AZPEITIKO-UDALA.-Azpeitia-\u2013-Aratz-Errekan-ura-garbitzeko-sistema-naturala.jpg 919w, https:\/\/landaola.eus\/wp-content\/uploads\/2022\/09\/AZPEITIKO-UDALA.-Azpeitia-\u2013-Aratz-Errekan-ura-garbitzeko-sistema-naturala-300x182.jpg 300w, https:\/\/landaola.eus\/wp-content\/uploads\/2022\/09\/AZPEITIKO-UDALA.-Azpeitia-\u2013-Aratz-Errekan-ura-garbitzeko-sistema-naturala-768x466.jpg 768w\" sizes=\"(max-width: 919px) 100vw, 919px\" \/><\/figure>\n\n\n\n<p>A casi 9 km de Urrestilla, <strong>Aratz-Erreka <\/strong>es un barrio del municipio de Azpeitia, formado por ocho viviendas y un restaurante con un total de 32 habitantes. La depuradora de aguas residuales m\u00e1s cercana se sit\u00faa a 15 km. Esta situaci\u00f3n dificulta la oferta de un sistema centralizado de tratamiento de aguas sucias, cuyo gasto econ\u00f3mico es muy alto. Ante esto, el sistema natural de depuraci\u00f3n de aguas basado en zonas h\u00famedas artificiales, se considera una opci\u00f3n adecuada por las ventajas que ofrece. Es un sistema econ\u00f3mico, y de bajo mantenimiento. El sistema de depuraci\u00f3n de Aratz-Erreka tiene una superficie \u00fatil de 74 m2, dividida en dos fases. Los vertidos que se generan, se vierten a la tierra, donde por filtraci\u00f3n se alimenta el suelo, conduciendo de forma m\u00e1s controlada los procesos biol\u00f3gicos. Las plantas que se han plantado han sido de la especie Phragmites Australis. De la investigaci\u00f3n realizada en colaboraci\u00f3n con Tecnalia, se desprende que se trata de las plantas con mayor capacidad de depuraci\u00f3n.<\/p>\n\n\n\n<hr class=\"wp-block-separator has-alpha-channel-opacity is-style-wide\"\/>\n\n\n\n<h2 class=\"wp-block-heading\">Premio Landaola a las mujeres en el medio rural: <strong>EBEL ELKARTEA<\/strong><\/h2>\n\n\n\n<figure class=\"wp-block-image size-full is-resized\"><img decoding=\"async\" src=\"http:\/\/landaola.eus\/wp-content\/uploads\/2022\/09\/EBEL-ELKARTEA.jpg\" alt=\"\" class=\"wp-image-307\" width=\"724\" srcset=\"https:\/\/landaola.eus\/wp-content\/uploads\/2022\/09\/EBEL-ELKARTEA.jpg 919w, https:\/\/landaola.eus\/wp-content\/uploads\/2022\/09\/EBEL-ELKARTEA-300x182.jpg 300w, https:\/\/landaola.eus\/wp-content\/uploads\/2022\/09\/EBEL-ELKARTEA-768x466.jpg 768w\" sizes=\"(max-width: 919px) 100vw, 919px\" \/><\/figure>\n\n\n\n<p>Con la intenci\u00f3n final de romper las diferencias, a trav\u00e9s de encuentros en los que la base era compartir las diversas situaciones de desigualdades que viv\u00eda cada mujer en su caser\u00edo, se cre\u00f3 la <strong>asociaci\u00f3n EBEL <\/strong>en torno al Sindikato EHNE en el a\u00f1o 1991 en Guip\u00fazcoa. Hoy en d\u00eda son 240 las socias en Guip\u00fazcoa y gracias a que el sindicato EHNE est\u00e9 confederado con diferentes municipios, cabe decir que la asociaci\u00f3n EBEL est\u00e1 extendida en \u00c1lava, Vizcaya y Navarra. Partiendo del diagnostico que realizaron en el a\u00f1o 2017 con el fin de dar a conocer las desigualdades que se dan en el primer sector, en los dos \u00faltimos a\u00f1os se han dedicado a debatir y profundizar sobre los cambios, adecuaciones, innovaciones etc. que se han dado en la situaci\u00f3n de las mujeres baserritarras de Guip\u00fazcoa. En este proceso de empoderamiento, han trabajado en dos direcciones. Una basada en la mujer y otra, basada en la sociedad trabajando los derechos y obligaciones que deben tener como trabajadoras. Demuestran una firme voluntad para dar continuidad a este proceso en el 2020. Es decir, van a debatir los cambios que son necesarios para que sean consideradas mujeres trabajadoras en plenitud de derechos, tanto con las propias mujeres, como con las diferentes entidades responsables en hacer realidad dichos cambios. Para ello, van ha utilizar todo espacio y herramienta que tengan a mano, as\u00ed como el Estatuto de mujeres baserritarras, como la activaci\u00f3n de colaboraci\u00f3n entre los diferentes responsables del sector, recoger y compartir experiencias con otras iniciativas, etc.<\/p>\n\n\n\n<hr class=\"wp-block-separator has-alpha-channel-opacity is-style-wide\"\/>\n\n\n\n<h2 class=\"wp-block-heading\">Premio Landaola a toda una trayectoria: <strong>JAIME ZUBIA ZINKUNEGI<\/strong><\/h2>\n\n\n\n<figure class=\"wp-block-image size-full is-resized\"><img decoding=\"async\" src=\"http:\/\/landaola.eus\/wp-content\/uploads\/2022\/09\/JAIME-ZUBIA-ZINKUNEGI-.jpg\" alt=\"\" class=\"wp-image-308\" width=\"724\" srcset=\"https:\/\/landaola.eus\/wp-content\/uploads\/2022\/09\/JAIME-ZUBIA-ZINKUNEGI-.jpg 662w, https:\/\/landaola.eus\/wp-content\/uploads\/2022\/09\/JAIME-ZUBIA-ZINKUNEGI--300x244.jpg 300w\" sizes=\"(max-width: 662px) 100vw, 662px\" \/><\/figure>\n\n\n\n<p>Nacido en Zumaia (1937-0617), de formaci\u00f3n perito Agrario gracias al t\u00edtulo obtenido en la Universidad de Navarra. La preparaci\u00f3n caseros y la formaci\u00f3n de nuevos agricultores, ha sido su \u00e1rea de trabajo principal. En la d\u00e9cada de los 60, empez\u00f3 como profesor en la <strong>Escuela Agraria de ZABALEGI <\/strong>donde sigui\u00f3 siendo responsable de la formaci\u00f3n para adultos. En los medios de comunicaci\u00f3n, tambi\u00e9n tiene un largo y prospero trabajo realizado. Con el fin de dar eco a la agricultura, tanto en prensa como en radio ha participado en varios medios con el apodo \u201c<strong>Garoa<\/strong>\u201d. Desde mediados de la d\u00e9cada de los 60 participa en el programa de radio \u201c<strong>Baserria<\/strong>\u201d en la Radio Popular de Loiola, ha sido miembro del Consejo de Redacci\u00f3n en la revista de agricultura y pesca \u201c<strong>Sustrai<\/strong>\u201d, hasta el a\u00f1o 2010 ha estado en la radio popular de Guip\u00fazcoa y en la actualidad participa en la radio Onda Vasca. En total, lleva unos 50 a\u00f1os informando a los agricultores locales con noticias y proyectos interesantes del \u00e1mbito agrario en Gip\u00fazcoa, Espa\u00f1a, Pa\u00eds Vasco y Europa. A dem\u00e1s de esto, tambi\u00e9n es autor y colaborador de var\u00edas obras, alguna de ellas son \u201cNuestro Trabajo Oscuro\u201d (1964) y \u201cEl caser\u00edo rentable\u201d (1969). En cuanto al \u00e1mbito pol\u00edtico, <strong>Jaime Zubia <\/strong>ha tenido responsabilidad pol\u00edtica en dos legislaturas de la Diputaci\u00f3n Foral de Guip\u00fazcoa. Primero entre los a\u00f1os 1987 y 1991 como Diputado Foral de Agricultura y Pesca y despu\u00e9s, entre 1999 y 2003 como Director de Agricultura.<\/p>\n\n\n\n<hr class=\"wp-block-separator has-alpha-channel-opacity is-style-wide\"\/>\n\n\n\n<h2 class=\"wp-block-heading\">Proyectos nominados<\/h2>\n\n\n\n<p>Igeldoko kooperatiba: Proyecto de la tienda<\/p>\n\n\n\n<p>Libe Ramila Gabiria eta beste bat: Proyecto para la producci\u00f3n de sal unida al museo<\/p>\n\n\n\n<p>Txurruka jatetxea: Nueva l\u00ednea de negocio estrat\u00e9gica<\/p>\n\n\n\n<p>Goierriko Nekazal kooperatiba<\/p>\n\n\n\n<p>San Markos mankomunitatea: Agroaldea<\/p>\n\n\n\n<p>Ayuntamiento de Leintz Gatzaga: Proyecto para la producci\u00f3n de sal unida al museo<\/p>\n\n\n\n<p>Itziarko auzo udala: proyecto \u00abElurzuloa eta auzolana\u00bb<\/p>\n\n\n\n<p>Ayuntamiento de Idiazabal: Por su compromiso y apoyo al sector<\/p>\n\n\n\n<p>Berastegiko udala: Promoci\u00f3n de pastos comunales<\/p>\n\n\n\n<hr class=\"wp-block-separator has-alpha-channel-opacity is-style-wide\"\/>\n\n\n\n<div class=\"wp-block-buttons is-layout-flex wp-block-buttons-is-layout-flex\">\n<div class=\"wp-block-button\"><a class=\"wp-block-button__link\" href=\"http:\/\/landaola.eus\/wp-content\/uploads\/2022\/09\/Dossier-LANDAOLA-SARIAK-3.pdf\">Dossierra &#8211; III.LANDAOLA SARIAK<\/a><\/div>\n<\/div>\n","protected":false},"excerpt":{"rendered":"<p>Un a\u00f1o m\u00e1s, con intenci\u00f3n de realizar un reconocimiento a los proyectos del entorno rural de Gipuzkoa, la Federaci\u00f3n Landaola ha organizado la 3\u00aa edici\u00f3n de los Landaola Sariak. Estos son los proyectos premiados:<\/p>\n","protected":false},"author":1,"featured_media":0,"comment_status":"closed","ping_status":"closed","sticky":false,"template":"","format":"standard","meta":{"footnotes":""},"categories":[18],"tags":[],"yoast_head":"<!-- This site is optimized with the Yoast SEO plugin v21.5 - https:\/\/yoast.com\/wordpress\/plugins\/seo\/ -->\n<title>III. Premios Landaola - Landaola - Gipuzkoako Landa Garapen Elkarteen Federazioa<\/title>\n<meta name=\"robots\" content=\"index, follow, max-snippet:-1, max-image-preview:large, max-video-preview:-1\" \/>\n<link rel=\"canonical\" href=\"https:\/\/landaola.eus\/es\/3-landaola-sariak\/\" \/>\n<meta property=\"og:locale\" content=\"es_ES\" \/>\n<meta property=\"og:type\" content=\"article\" \/>\n<meta property=\"og:title\" content=\"III. Premios Landaola - Landaola - Gipuzkoako Landa Garapen Elkarteen Federazioa\" \/>\n<meta property=\"og:description\" content=\"Un a\u00f1o m\u00e1s, con intenci\u00f3n de realizar un reconocimiento a los proyectos del entorno rural de Gipuzkoa, la Federaci\u00f3n Landaola ha organizado la 3\u00aa edici\u00f3n de los Landaola Sariak. Estos son los proyectos premiados:\" \/>\n<meta property=\"og:url\" content=\"https:\/\/landaola.eus\/es\/3-landaola-sariak\/\" \/>\n<meta property=\"og:site_name\" content=\"Landaola - Gipuzkoako Landa Garapen Elkarteen Federazioa\" \/>\n<meta property=\"article:publisher\" content=\"https:\/\/www.facebook.com\/Landaola-1306311309416102\" \/>\n<meta property=\"article:published_time\" content=\"2022-09-22T07:41:36+00:00\" \/>\n<meta property=\"article:modified_time\" content=\"2026-01-19T09:03:39+00:00\" \/>\n<meta property=\"og:image\" content=\"http:\/\/landaola.eus\/wp-content\/uploads\/2022\/09\/EBEL-ELKARTEA.jpg\" \/>\n<meta name=\"author\" content=\"admin\" \/>\n<meta name=\"twitter:card\" content=\"summary_large_image\" \/>\n<meta name=\"twitter:creator\" content=\"@Landaola_\" \/>\n<meta name=\"twitter:site\" content=\"@Landaola_\" \/>\n<meta name=\"twitter:label1\" content=\"Escrito por\" \/>\n\t<meta name=\"twitter:data1\" content=\"admin\" \/>\n\t<meta name=\"twitter:label2\" content=\"Tiempo de lectura\" \/>\n\t<meta name=\"twitter:data2\" content=\"5 minutos\" \/>\n<script type=\"application\/ld+json\" class=\"yoast-schema-graph\">{\"@context\":\"https:\/\/schema.org\",\"@graph\":[{\"@type\":\"Article\",\"@id\":\"https:\/\/landaola.eus\/es\/3-landaola-sariak\/#article\",\"isPartOf\":{\"@id\":\"https:\/\/landaola.eus\/es\/3-landaola-sariak\/\"},\"author\":{\"name\":\"admin\",\"@id\":\"https:\/\/landaola.eus\/#\/schema\/person\/8cae01563bb2e59e8efbd02bb907c029\"},\"headline\":\"III. Premios Landaola\",\"datePublished\":\"2022-09-22T07:41:36+00:00\",\"dateModified\":\"2026-01-19T09:03:39+00:00\",\"mainEntityOfPage\":{\"@id\":\"https:\/\/landaola.eus\/es\/3-landaola-sariak\/\"},\"wordCount\":1011,\"publisher\":{\"@id\":\"https:\/\/landaola.eus\/#organization\"},\"articleSection\":[\"Premios landaola\"],\"inLanguage\":\"es\"},{\"@type\":\"WebPage\",\"@id\":\"https:\/\/landaola.eus\/es\/3-landaola-sariak\/\",\"url\":\"https:\/\/landaola.eus\/es\/3-landaola-sariak\/\",\"name\":\"III. Premios Landaola - Landaola - Gipuzkoako Landa Garapen Elkarteen Federazioa\",\"isPartOf\":{\"@id\":\"https:\/\/landaola.eus\/#website\"},\"datePublished\":\"2022-09-22T07:41:36+00:00\",\"dateModified\":\"2026-01-19T09:03:39+00:00\",\"breadcrumb\":{\"@id\":\"https:\/\/landaola.eus\/es\/3-landaola-sariak\/#breadcrumb\"},\"inLanguage\":\"es\",\"potentialAction\":[{\"@type\":\"ReadAction\",\"target\":[\"https:\/\/landaola.eus\/es\/3-landaola-sariak\/\"]}]},{\"@type\":\"BreadcrumbList\",\"@id\":\"https:\/\/landaola.eus\/es\/3-landaola-sariak\/#breadcrumb\",\"itemListElement\":[{\"@type\":\"ListItem\",\"position\":1,\"name\":\"Home\",\"item\":\"https:\/\/landaola.eus\/es\/\"},{\"@type\":\"ListItem\",\"position\":2,\"name\":\"III. Premios Landaola\"}]},{\"@type\":\"WebSite\",\"@id\":\"https:\/\/landaola.eus\/#website\",\"url\":\"https:\/\/landaola.eus\/\",\"name\":\"Landaola - Gipuzkoako Landa Garapen Elkarteen Federazioa\",\"description\":\"Gipuzkoako Landa Garapen Elkarteen Federazioa\",\"publisher\":{\"@id\":\"https:\/\/landaola.eus\/#organization\"},\"potentialAction\":[{\"@type\":\"SearchAction\",\"target\":{\"@type\":\"EntryPoint\",\"urlTemplate\":\"https:\/\/landaola.eus\/?s={search_term_string}\"},\"query-input\":\"required name=search_term_string\"}],\"inLanguage\":\"es\"},{\"@type\":\"Organization\",\"@id\":\"https:\/\/landaola.eus\/#organization\",\"name\":\"LANDAOLA\",\"alternateName\":\"Gipuzkoako landa garapen elkarteen federazioa\",\"url\":\"https:\/\/landaola.eus\/\",\"logo\":{\"@type\":\"ImageObject\",\"inLanguage\":\"es\",\"@id\":\"https:\/\/landaola.eus\/#\/schema\/logo\/image\/\",\"url\":\"https:\/\/landaola.eus\/wp-content\/uploads\/2022\/11\/landaola.svg\",\"contentUrl\":\"https:\/\/landaola.eus\/wp-content\/uploads\/2022\/11\/landaola.svg\",\"width\":1,\"height\":1,\"caption\":\"LANDAOLA\"},\"image\":{\"@id\":\"https:\/\/landaola.eus\/#\/schema\/logo\/image\/\"},\"sameAs\":[\"https:\/\/www.facebook.com\/Landaola-1306311309416102\",\"https:\/\/twitter.com\/Landaola_\",\"https:\/\/www.youtube.com\/channel\/UCmr3BnLvYWU86tkM-rHfXGg\",\"https:\/\/www.instagram.com\/landaola_\/?igshid=YmMyMTA2M2Y\"]},{\"@type\":\"Person\",\"@id\":\"https:\/\/landaola.eus\/#\/schema\/person\/8cae01563bb2e59e8efbd02bb907c029\",\"name\":\"admin\",\"image\":{\"@type\":\"ImageObject\",\"inLanguage\":\"es\",\"@id\":\"https:\/\/landaola.eus\/#\/schema\/person\/image\/\",\"url\":\"https:\/\/secure.gravatar.com\/avatar\/8c3a9acb8f9806cac7d9a6cb951448f6?s=96&d=mm&r=g\",\"contentUrl\":\"https:\/\/secure.gravatar.com\/avatar\/8c3a9acb8f9806cac7d9a6cb951448f6?s=96&d=mm&r=g\",\"caption\":\"admin\"},\"sameAs\":[\"http:\/\/landaola.eus\"],\"url\":\"https:\/\/landaola.eus\/es\/author\/admin\/\"}]}<\/script>\n<!-- \/ Yoast SEO plugin. -->","yoast_head_json":{"title":"III. Premios Landaola - Landaola - Gipuzkoako Landa Garapen Elkarteen Federazioa","robots":{"index":"index","follow":"follow","max-snippet":"max-snippet:-1","max-image-preview":"max-image-preview:large","max-video-preview":"max-video-preview:-1"},"canonical":"https:\/\/landaola.eus\/es\/3-landaola-sariak\/","og_locale":"es_ES","og_type":"article","og_title":"III. Premios Landaola - Landaola - Gipuzkoako Landa Garapen Elkarteen Federazioa","og_description":"Un a\u00f1o m\u00e1s, con intenci\u00f3n de realizar un reconocimiento a los proyectos del entorno rural de Gipuzkoa, la Federaci\u00f3n Landaola ha organizado la 3\u00aa edici\u00f3n de los Landaola Sariak. Estos son los proyectos premiados:","og_url":"https:\/\/landaola.eus\/es\/3-landaola-sariak\/","og_site_name":"Landaola - Gipuzkoako Landa Garapen Elkarteen Federazioa","article_publisher":"https:\/\/www.facebook.com\/Landaola-1306311309416102","article_published_time":"2022-09-22T07:41:36+00:00","article_modified_time":"2026-01-19T09:03:39+00:00","og_image":[{"url":"http:\/\/landaola.eus\/wp-content\/uploads\/2022\/09\/EBEL-ELKARTEA.jpg"}],"author":"admin","twitter_card":"summary_large_image","twitter_creator":"@Landaola_","twitter_site":"@Landaola_","twitter_misc":{"Escrito por":"admin","Tiempo de lectura":"5 minutos"},"schema":{"@context":"https:\/\/schema.org","@graph":[{"@type":"Article","@id":"https:\/\/landaola.eus\/es\/3-landaola-sariak\/#article","isPartOf":{"@id":"https:\/\/landaola.eus\/es\/3-landaola-sariak\/"},"author":{"name":"admin","@id":"https:\/\/landaola.eus\/#\/schema\/person\/8cae01563bb2e59e8efbd02bb907c029"},"headline":"III. Premios Landaola","datePublished":"2022-09-22T07:41:36+00:00","dateModified":"2026-01-19T09:03:39+00:00","mainEntityOfPage":{"@id":"https:\/\/landaola.eus\/es\/3-landaola-sariak\/"},"wordCount":1011,"publisher":{"@id":"https:\/\/landaola.eus\/#organization"},"articleSection":["Premios landaola"],"inLanguage":"es"},{"@type":"WebPage","@id":"https:\/\/landaola.eus\/es\/3-landaola-sariak\/","url":"https:\/\/landaola.eus\/es\/3-landaola-sariak\/","name":"III. Premios Landaola - Landaola - Gipuzkoako Landa Garapen Elkarteen Federazioa","isPartOf":{"@id":"https:\/\/landaola.eus\/#website"},"datePublished":"2022-09-22T07:41:36+00:00","dateModified":"2026-01-19T09:03:39+00:00","breadcrumb":{"@id":"https:\/\/landaola.eus\/es\/3-landaola-sariak\/#breadcrumb"},"inLanguage":"es","potentialAction":[{"@type":"ReadAction","target":["https:\/\/landaola.eus\/es\/3-landaola-sariak\/"]}]},{"@type":"BreadcrumbList","@id":"https:\/\/landaola.eus\/es\/3-landaola-sariak\/#breadcrumb","itemListElement":[{"@type":"ListItem","position":1,"name":"Home","item":"https:\/\/landaola.eus\/es\/"},{"@type":"ListItem","position":2,"name":"III. Premios Landaola"}]},{"@type":"WebSite","@id":"https:\/\/landaola.eus\/#website","url":"https:\/\/landaola.eus\/","name":"Landaola - Gipuzkoako Landa Garapen Elkarteen Federazioa","description":"Gipuzkoako Landa Garapen Elkarteen Federazioa","publisher":{"@id":"https:\/\/landaola.eus\/#organization"},"potentialAction":[{"@type":"SearchAction","target":{"@type":"EntryPoint","urlTemplate":"https:\/\/landaola.eus\/?s={search_term_string}"},"query-input":"required name=search_term_string"}],"inLanguage":"es"},{"@type":"Organization","@id":"https:\/\/landaola.eus\/#organization","name":"LANDAOLA","alternateName":"Gipuzkoako landa garapen elkarteen federazioa","url":"https:\/\/landaola.eus\/","logo":{"@type":"ImageObject","inLanguage":"es","@id":"https:\/\/landaola.eus\/#\/schema\/logo\/image\/","url":"https:\/\/landaola.eus\/wp-content\/uploads\/2022\/11\/landaola.svg","contentUrl":"https:\/\/landaola.eus\/wp-content\/uploads\/2022\/11\/landaola.svg","width":1,"height":1,"caption":"LANDAOLA"},"image":{"@id":"https:\/\/landaola.eus\/#\/schema\/logo\/image\/"},"sameAs":["https:\/\/www.facebook.com\/Landaola-1306311309416102","https:\/\/twitter.com\/Landaola_","https:\/\/www.youtube.com\/channel\/UCmr3BnLvYWU86tkM-rHfXGg","https:\/\/www.instagram.com\/landaola_\/?igshid=YmMyMTA2M2Y"]},{"@type":"Person","@id":"https:\/\/landaola.eus\/#\/schema\/person\/8cae01563bb2e59e8efbd02bb907c029","name":"admin","image":{"@type":"ImageObject","inLanguage":"es","@id":"https:\/\/landaola.eus\/#\/schema\/person\/image\/","url":"https:\/\/secure.gravatar.com\/avatar\/8c3a9acb8f9806cac7d9a6cb951448f6?s=96&d=mm&r=g","contentUrl":"https:\/\/secure.gravatar.com\/avatar\/8c3a9acb8f9806cac7d9a6cb951448f6?s=96&d=mm&r=g","caption":"admin"},"sameAs":["http:\/\/landaola.eus"],"url":"https:\/\/landaola.eus\/es\/author\/admin\/"}]}},"_links":{"self":[{"href":"https:\/\/landaola.eus\/es\/wp-json\/wp\/v2\/posts\/298"}],"collection":[{"href":"https:\/\/landaola.eus\/es\/wp-json\/wp\/v2\/posts"}],"about":[{"href":"https:\/\/landaola.eus\/es\/wp-json\/wp\/v2\/types\/post"}],"author":[{"embeddable":true,"href":"https:\/\/landaola.eus\/es\/wp-json\/wp\/v2\/users\/1"}],"replies":[{"embeddable":true,"href":"https:\/\/landaola.eus\/es\/wp-json\/wp\/v2\/comments?post=298"}],"version-history":[{"count":10,"href":"https:\/\/landaola.eus\/es\/wp-json\/wp\/v2\/posts\/298\/revisions"}],"predecessor-version":[{"id":848,"href":"https:\/\/landaola.eus\/es\/wp-json\/wp\/v2\/posts\/298\/revisions\/848"}],"wp:attachment":[{"href":"https:\/\/landaola.eus\/es\/wp-json\/wp\/v2\/media?parent=298"}],"wp:term":[{"taxonomy":"category","embeddable":true,"href":"https:\/\/landaola.eus\/es\/wp-json\/wp\/v2\/categories?post=298"},{"taxonomy":"post_tag","embeddable":true,"href":"https:\/\/landaola.eus\/es\/wp-json\/wp\/v2\/tags?post=298"}],"curies":[{"name":"wp","href":"https:\/\/api.w.org\/{rel}","templated":true}]}}