{"id":255,"date":"2022-09-21T11:39:03","date_gmt":"2022-09-21T10:39:03","guid":{"rendered":"http:\/\/landaola.eus\/?p=255"},"modified":"2026-01-19T10:03:39","modified_gmt":"2026-01-19T09:03:39","slug":"2-landaola-sariak-2019","status":"publish","type":"post","link":"https:\/\/landaola.eus\/es\/2-landaola-sariak-2019\/","title":{"rendered":"II. Premios Landaola"},"content":{"rendered":"\n<p>Ante el \u00e9xito de la primera edici\u00f3n, y con intenci\u00f3n de realizar un reconocimiento a los proyectos del entorno rural de Gipuzkoa, la Federaci\u00f3n Landaola ha organizado la <strong>2\u00aa edici\u00f3n de los Landaola Sariak<\/strong>. Y estos son los proyectos premiados<\/p>\n\n\n\n<!--more-->\n\n\n\n<hr class=\"wp-block-separator has-alpha-channel-opacity is-style-wide\"\/>\n\n\n\n<h2 class=\"wp-block-heading\">Premio en el apartado de entidades privadas: <strong>RUTA DE LA MANZANA ERREZIL<\/strong>. Ibarbi elkartea<\/h2>\n\n\n\n<figure class=\"wp-block-image size-large\"><img loading=\"lazy\" decoding=\"async\" width=\"1024\" height=\"583\" src=\"http:\/\/landaola.eus\/wp-content\/uploads\/2023\/03\/sagar-ibilbidea-1024x583.png\" alt=\"\" class=\"wp-image-838\" srcset=\"https:\/\/landaola.eus\/wp-content\/uploads\/2023\/03\/sagar-ibilbidea-1024x583.png 1024w, https:\/\/landaola.eus\/wp-content\/uploads\/2023\/03\/sagar-ibilbidea-300x171.png 300w, https:\/\/landaola.eus\/wp-content\/uploads\/2023\/03\/sagar-ibilbidea-768x438.png 768w, https:\/\/landaola.eus\/wp-content\/uploads\/2023\/03\/sagar-ibilbidea-1536x875.png 1536w, https:\/\/landaola.eus\/wp-content\/uploads\/2023\/03\/sagar-ibilbidea.png 1952w\" sizes=\"(max-width: 1024px) 100vw, 1024px\" \/><\/figure>\n\n\n\n<p>El grupo \u201cManzana de Errezil IBARBI\u201d est\u00e1 trabajando para conseguir la marca privada. Es por esto que quieren que este fruto se una con el nombre del pueblo de Errezil. Adem\u00e1s, quieren que los caseros del pueblo sigan motivados para trabajar en la producci\u00f3n de esta manzana y para ello quieren garantizar una ayuda. Por este motivo, se ha creado una ruta nueva poniendo en valor la manzana de Errezil. Una ruta, que va en su totalidad por la extension de Errezil y que pasa cerca de varios caserios de los mismo productores del pueblo. Teniendo en cuenta esto, se puede decir que es un recorrido totalmente sostenible y que encima tiene la aprobaci\u00f3n de los ciudadanos, ya que ha sido creado por ellos mismos. Adem\u00e1s impulsa el turismo verde creando nuevas actividades econ\u00f3micas.<\/p>\n\n\n\n<hr class=\"wp-block-separator has-alpha-channel-opacity is-style-wide\"\/>\n\n\n\n<h2 class=\"wp-block-heading\">Premiado en el apartado de entidades p\u00fablicas: <strong>AYUNTAMIENTO DE OREXA<\/strong>. Orexa bizirik<\/h2>\n\n\n\n<figure class=\"wp-block-image size-large is-resized\"><img decoding=\"async\" src=\"http:\/\/landaola.eus\/wp-content\/uploads\/2022\/09\/OREXAKO-UDALA.-Orexa-Bizirik-1024x768.jpg\" alt=\"\" class=\"wp-image-282\" width=\"724\" srcset=\"https:\/\/landaola.eus\/wp-content\/uploads\/2022\/09\/OREXAKO-UDALA.-Orexa-Bizirik-1024x768.jpg 1024w, https:\/\/landaola.eus\/wp-content\/uploads\/2022\/09\/OREXAKO-UDALA.-Orexa-Bizirik-300x225.jpg 300w, https:\/\/landaola.eus\/wp-content\/uploads\/2022\/09\/OREXAKO-UDALA.-Orexa-Bizirik-768x576.jpg 768w, https:\/\/landaola.eus\/wp-content\/uploads\/2022\/09\/OREXAKO-UDALA.-Orexa-Bizirik-1536x1152.jpg 1536w, https:\/\/landaola.eus\/wp-content\/uploads\/2022\/09\/OREXAKO-UDALA.-Orexa-Bizirik.jpg 2016w\" sizes=\"(max-width: 1024px) 100vw, 1024px\" \/><\/figure>\n\n\n\n<p>El proyecto es el resultado de un proceso de reflexi\u00f3n ciudadana. Tras la revisi\u00f3n de la Agenda 21, se pusieron dos objetivos: ayudar e impulsar los dos motores econ\u00f3micos el pueblo (el Hostal y la Cooperativa), y por otro, empujar a que los de Orexa se animen a crear el proyecto de vida en el pueblo, tomando como ejemplo el propio pueblo. Adem\u00e1s, se han realizado tres rutas de mota\u00f1a para dar a conocer mejor la zona y se ha comenzado a trabajar en el proyecto de una depuradora natural, sin dejar de lado que comienzan a dar sus frutos el intento de dar a conocer la marca Orexa y que tras la colaboraci\u00f3n entre el Hostal y la Cooperativa, se ha logrado abrir el Hostal recientemente.<\/p>\n\n\n\n<hr class=\"wp-block-separator has-alpha-channel-opacity is-style-wide\"\/>\n\n\n\n<h2 class=\"wp-block-heading\">Premio Landaola a las mujeres en el medio rural:<strong> LAS MUJERES BASERRITARRAS DE LOS MERCADOS TRADICIONALES<\/strong><\/h2>\n\n\n\n<figure class=\"wp-block-image size-large\"><img loading=\"lazy\" decoding=\"async\" width=\"1024\" height=\"580\" src=\"http:\/\/landaola.eus\/wp-content\/uploads\/2022\/09\/AZOKETAKO-EMAKUME-BASERRITARRAK-1-1024x580.jpg\" alt=\"\" class=\"wp-image-288\" srcset=\"https:\/\/landaola.eus\/wp-content\/uploads\/2022\/09\/AZOKETAKO-EMAKUME-BASERRITARRAK-1-1024x580.jpg 1024w, https:\/\/landaola.eus\/wp-content\/uploads\/2022\/09\/AZOKETAKO-EMAKUME-BASERRITARRAK-1-300x170.jpg 300w, https:\/\/landaola.eus\/wp-content\/uploads\/2022\/09\/AZOKETAKO-EMAKUME-BASERRITARRAK-1-768x435.jpg 768w, https:\/\/landaola.eus\/wp-content\/uploads\/2022\/09\/AZOKETAKO-EMAKUME-BASERRITARRAK-1.jpg 1300w\" sizes=\"(max-width: 1024px) 100vw, 1024px\" \/><\/figure>\n\n\n\n<p>Los mercados de agricultores, adem\u00e1s de ser un lugar para el comercio de alimentos, tambi\u00e9n son un espacio para la interacci\u00f3n social y cultural entre los ciudadanos. No podemos olvidar la labor de las mujeres agricultoras en esas ferias, y con este premio se quiere reconocer a esa generaci\u00f3n. Si las ferias de agricultores han sobrevivido hasta el d\u00eda de hoy, en gran parte, ha sido debido a su capacidad de pervivir e iniciativas puestas en marcha. Adem\u00e1s, se est\u00e1 produciendo la transmisi\u00f3n de esos conocimientos y habilidades, debido a que las mujeres de nuevas generaciones contin\u00faan trabajando en los mercados.<\/p>\n\n\n\n<hr class=\"wp-block-separator has-alpha-channel-opacity is-style-wide\"\/>\n\n\n\n<h2 class=\"wp-block-heading\">Premio Landaola a toda una trayectoria: <strong>PEIO RUBIO URBIETA<\/strong><\/h2>\n\n\n\n<figure class=\"wp-block-image size-full is-resized\"><img decoding=\"async\" src=\"http:\/\/landaola.eus\/wp-content\/uploads\/2022\/09\/PEIO-RUBIO-URBIETA.jpg\" alt=\"\" class=\"wp-image-285\" width=\"724\" srcset=\"https:\/\/landaola.eus\/wp-content\/uploads\/2022\/09\/PEIO-RUBIO-URBIETA.jpg 539w, https:\/\/landaola.eus\/wp-content\/uploads\/2022\/09\/PEIO-RUBIO-URBIETA-300x200.jpg 300w\" sizes=\"(max-width: 539px) 100vw, 539px\" \/><\/figure>\n\n\n\n<p>Se aproxim\u00f3 a la agricultura desde el mundo de la m\u00e1quina de herramientas en 1987-8, cuando ten\u00eda 40 a\u00f1os. A pesar de que sus inicios fueron en la agricultura convencional, la horticultura, decidi\u00f3 muy pronto comenzar con la agricultura ecol\u00f3gica, siendo pionero en toda Gipuzkoa. Persona comprometida desde siempre, ha sido miembro, muy activamente, de diferentes asociaciones ligados al primer sector:<\/p>\n\n\n\n<p>&#8211; Miembro de GILBE desde 1988 hasta 1994.<\/p>\n\n\n\n<p>&#8211; Fundador de BIOLUR en 1993. Presidente desde 1995 hasta 2009, y a continuaci\u00f3n miembro de la junta hasta el 2018.<\/p>\n\n\n\n<p>&#8211; Miembro de la junta directiva de EKONEKAZARITZA, en nombre de Biolur, de 1994 a 2006.<\/p>\n\n\n\n<p>&#8211; En el sindicato EHNE desde 1988 a 2016.<\/p>\n\n\n\n<p>&#8211; En LURGINTZA desde 2010 a 2018.<\/p>\n\n\n\n<p>&#8211; Miembro desde su inicio en 1991 de la junta directiva de DEBEMEN, hasta el a\u00f1o 2018.<\/p>\n\n\n\n<p>&#8211; De 1991 a 1994 representante en GILBE.<\/p>\n\n\n\n<p>&#8211; De 1998 a 2018 representante en BIOLUR.<\/p>\n\n\n\n<p>&#8211; De 2004 a 2007 representante en Lurgintza y presidente de Debemen.<\/p>\n\n\n\n<p>&#8211; De 2011 a 2018 representante en Lurgintza.<\/p>\n\n\n\n<p>Mientras que ha trabajado en las v\u00edas usuales de la venta directa, ha ido cultivando nuevos caminos: la cooperativa de venta UZTA, la plaza del mercado local, tiendas, online, grupos de consumo, el reparto de cestas casa a casa o los mercados especiales de distintas localidades (es de destacar los premios obtenidos en calidad y presentaci\u00f3n).<\/p>\n\n\n\n<p>Adem\u00e1s, fuera de su oficio, ha tenido a lo largo de su vida una actitud comprometida, donde destaca el papel que tuvo en el proceso de paz de Euskal Herria.<\/p>\n\n\n\n<hr class=\"wp-block-separator has-alpha-channel-opacity is-style-wide\"\/>\n\n\n\n<h2 class=\"wp-block-heading\">Proyectos nominados<\/h2>\n\n\n\n<p>Fundaci\u00f3n Orona: Comedor<\/p>\n\n\n\n<p>Ereindajan: Nuevas tiendas en Arrasate y Bergara<\/p>\n\n\n\n<p>Cooperativa Burugorri: Gesti\u00f3n del hostal Burugorri<\/p>\n\n\n\n<p>Cooperativa agraria de Goierri: Renovaci\u00f3n tienda de Ordizia<\/p>\n\n\n\n<p>Ayuntamiento de Hondarribia: Agroaldea Botika<\/p>\n\n\n\n<p>Ayuntamiento de Antzuola: Ernaberritu<\/p>\n\n\n\n<p>Ayuntamientos de Bergara, Elgoibar y Soraluze: Ruta de los d\u00f3lmenes. Karakate<\/p>\n\n\n\n<p>Uggasa: Bertatik Bertara<\/p>\n\n\n\n<p>Ayuntamiento de Aia: Ardi Jokoa<\/p>\n\n\n\n<hr class=\"wp-block-separator has-alpha-channel-opacity is-style-wide\"\/>\n\n\n\n<div class=\"wp-block-buttons is-layout-flex wp-block-buttons-is-layout-flex\">\n<div class=\"wp-block-button\"><a class=\"wp-block-button__link\" href=\"http:\/\/landaola.eus\/wp-content\/uploads\/2023\/03\/Dossier-LANDAOLA-SARIAK-CAST-2019-copia.pdf\">Dossier &#8211; II.PREMIOS LANDAOLA<\/a><\/div>\n<\/div>\n","protected":false},"excerpt":{"rendered":"<p>Ante el \u00e9xito de la primera edici\u00f3n, y con intenci\u00f3n de realizar un reconocimiento a los proyectos del entorno rural de Gipuzkoa, la Federaci\u00f3n Landaola ha organizado la 2\u00aa edici\u00f3n de los Landaola Sariak. Y estos son los proyectos premiados<\/p>\n","protected":false},"author":1,"featured_media":0,"comment_status":"closed","ping_status":"closed","sticky":false,"template":"","format":"standard","meta":{"footnotes":""},"categories":[18],"tags":[],"yoast_head":"<!-- This site is optimized with the Yoast SEO plugin v21.5 - https:\/\/yoast.com\/wordpress\/plugins\/seo\/ -->\n<title>II. Premios Landaola - Landaola - Gipuzkoako Landa Garapen Elkarteen Federazioa<\/title>\n<meta name=\"robots\" content=\"index, follow, max-snippet:-1, max-image-preview:large, max-video-preview:-1\" \/>\n<link rel=\"canonical\" href=\"https:\/\/landaola.eus\/es\/2-landaola-sariak-2019\/\" \/>\n<meta property=\"og:locale\" content=\"es_ES\" \/>\n<meta property=\"og:type\" content=\"article\" \/>\n<meta property=\"og:title\" content=\"II. Premios Landaola - Landaola - Gipuzkoako Landa Garapen Elkarteen Federazioa\" \/>\n<meta property=\"og:description\" content=\"Ante el \u00e9xito de la primera edici\u00f3n, y con intenci\u00f3n de realizar un reconocimiento a los proyectos del entorno rural de Gipuzkoa, la Federaci\u00f3n Landaola ha organizado la 2\u00aa edici\u00f3n de los Landaola Sariak. Y estos son los proyectos premiados\" \/>\n<meta property=\"og:url\" content=\"https:\/\/landaola.eus\/es\/2-landaola-sariak-2019\/\" \/>\n<meta property=\"og:site_name\" content=\"Landaola - Gipuzkoako Landa Garapen Elkarteen Federazioa\" \/>\n<meta property=\"article:publisher\" content=\"https:\/\/www.facebook.com\/Landaola-1306311309416102\" \/>\n<meta property=\"article:published_time\" content=\"2022-09-21T10:39:03+00:00\" \/>\n<meta property=\"article:modified_time\" content=\"2026-01-19T09:03:39+00:00\" \/>\n<meta property=\"og:image\" content=\"http:\/\/landaola.eus\/wp-content\/uploads\/2023\/03\/sagar-ibilbidea-1024x583.png\" \/>\n<meta name=\"author\" content=\"admin\" \/>\n<meta name=\"twitter:card\" content=\"summary_large_image\" \/>\n<meta name=\"twitter:creator\" content=\"@Landaola_\" \/>\n<meta name=\"twitter:site\" content=\"@Landaola_\" \/>\n<meta name=\"twitter:label1\" content=\"Escrito por\" \/>\n\t<meta name=\"twitter:data1\" content=\"admin\" \/>\n\t<meta name=\"twitter:label2\" content=\"Tiempo de lectura\" \/>\n\t<meta name=\"twitter:data2\" content=\"4 minutos\" \/>\n<script type=\"application\/ld+json\" class=\"yoast-schema-graph\">{\"@context\":\"https:\/\/schema.org\",\"@graph\":[{\"@type\":\"Article\",\"@id\":\"https:\/\/landaola.eus\/es\/2-landaola-sariak-2019\/#article\",\"isPartOf\":{\"@id\":\"https:\/\/landaola.eus\/es\/2-landaola-sariak-2019\/\"},\"author\":{\"name\":\"admin\",\"@id\":\"https:\/\/landaola.eus\/#\/schema\/person\/8cae01563bb2e59e8efbd02bb907c029\"},\"headline\":\"II. Premios Landaola\",\"datePublished\":\"2022-09-21T10:39:03+00:00\",\"dateModified\":\"2026-01-19T09:03:39+00:00\",\"mainEntityOfPage\":{\"@id\":\"https:\/\/landaola.eus\/es\/2-landaola-sariak-2019\/\"},\"wordCount\":788,\"publisher\":{\"@id\":\"https:\/\/landaola.eus\/#organization\"},\"articleSection\":[\"Premios landaola\"],\"inLanguage\":\"es\"},{\"@type\":\"WebPage\",\"@id\":\"https:\/\/landaola.eus\/es\/2-landaola-sariak-2019\/\",\"url\":\"https:\/\/landaola.eus\/es\/2-landaola-sariak-2019\/\",\"name\":\"II. Premios Landaola - Landaola - Gipuzkoako Landa Garapen Elkarteen Federazioa\",\"isPartOf\":{\"@id\":\"https:\/\/landaola.eus\/#website\"},\"datePublished\":\"2022-09-21T10:39:03+00:00\",\"dateModified\":\"2026-01-19T09:03:39+00:00\",\"breadcrumb\":{\"@id\":\"https:\/\/landaola.eus\/es\/2-landaola-sariak-2019\/#breadcrumb\"},\"inLanguage\":\"es\",\"potentialAction\":[{\"@type\":\"ReadAction\",\"target\":[\"https:\/\/landaola.eus\/es\/2-landaola-sariak-2019\/\"]}]},{\"@type\":\"BreadcrumbList\",\"@id\":\"https:\/\/landaola.eus\/es\/2-landaola-sariak-2019\/#breadcrumb\",\"itemListElement\":[{\"@type\":\"ListItem\",\"position\":1,\"name\":\"Home\",\"item\":\"https:\/\/landaola.eus\/es\/\"},{\"@type\":\"ListItem\",\"position\":2,\"name\":\"II. Premios Landaola\"}]},{\"@type\":\"WebSite\",\"@id\":\"https:\/\/landaola.eus\/#website\",\"url\":\"https:\/\/landaola.eus\/\",\"name\":\"Landaola - Gipuzkoako Landa Garapen Elkarteen Federazioa\",\"description\":\"Gipuzkoako Landa Garapen Elkarteen Federazioa\",\"publisher\":{\"@id\":\"https:\/\/landaola.eus\/#organization\"},\"potentialAction\":[{\"@type\":\"SearchAction\",\"target\":{\"@type\":\"EntryPoint\",\"urlTemplate\":\"https:\/\/landaola.eus\/?s={search_term_string}\"},\"query-input\":\"required name=search_term_string\"}],\"inLanguage\":\"es\"},{\"@type\":\"Organization\",\"@id\":\"https:\/\/landaola.eus\/#organization\",\"name\":\"LANDAOLA\",\"alternateName\":\"Gipuzkoako landa garapen elkarteen federazioa\",\"url\":\"https:\/\/landaola.eus\/\",\"logo\":{\"@type\":\"ImageObject\",\"inLanguage\":\"es\",\"@id\":\"https:\/\/landaola.eus\/#\/schema\/logo\/image\/\",\"url\":\"https:\/\/landaola.eus\/wp-content\/uploads\/2022\/11\/landaola.svg\",\"contentUrl\":\"https:\/\/landaola.eus\/wp-content\/uploads\/2022\/11\/landaola.svg\",\"width\":1,\"height\":1,\"caption\":\"LANDAOLA\"},\"image\":{\"@id\":\"https:\/\/landaola.eus\/#\/schema\/logo\/image\/\"},\"sameAs\":[\"https:\/\/www.facebook.com\/Landaola-1306311309416102\",\"https:\/\/twitter.com\/Landaola_\",\"https:\/\/www.youtube.com\/channel\/UCmr3BnLvYWU86tkM-rHfXGg\",\"https:\/\/www.instagram.com\/landaola_\/?igshid=YmMyMTA2M2Y\"]},{\"@type\":\"Person\",\"@id\":\"https:\/\/landaola.eus\/#\/schema\/person\/8cae01563bb2e59e8efbd02bb907c029\",\"name\":\"admin\",\"image\":{\"@type\":\"ImageObject\",\"inLanguage\":\"es\",\"@id\":\"https:\/\/landaola.eus\/#\/schema\/person\/image\/\",\"url\":\"https:\/\/secure.gravatar.com\/avatar\/8c3a9acb8f9806cac7d9a6cb951448f6?s=96&d=mm&r=g\",\"contentUrl\":\"https:\/\/secure.gravatar.com\/avatar\/8c3a9acb8f9806cac7d9a6cb951448f6?s=96&d=mm&r=g\",\"caption\":\"admin\"},\"sameAs\":[\"http:\/\/landaola.eus\"],\"url\":\"https:\/\/landaola.eus\/es\/author\/admin\/\"}]}<\/script>\n<!-- \/ Yoast SEO plugin. -->","yoast_head_json":{"title":"II. Premios Landaola - Landaola - Gipuzkoako Landa Garapen Elkarteen Federazioa","robots":{"index":"index","follow":"follow","max-snippet":"max-snippet:-1","max-image-preview":"max-image-preview:large","max-video-preview":"max-video-preview:-1"},"canonical":"https:\/\/landaola.eus\/es\/2-landaola-sariak-2019\/","og_locale":"es_ES","og_type":"article","og_title":"II. Premios Landaola - Landaola - Gipuzkoako Landa Garapen Elkarteen Federazioa","og_description":"Ante el \u00e9xito de la primera edici\u00f3n, y con intenci\u00f3n de realizar un reconocimiento a los proyectos del entorno rural de Gipuzkoa, la Federaci\u00f3n Landaola ha organizado la 2\u00aa edici\u00f3n de los Landaola Sariak. Y estos son los proyectos premiados","og_url":"https:\/\/landaola.eus\/es\/2-landaola-sariak-2019\/","og_site_name":"Landaola - Gipuzkoako Landa Garapen Elkarteen Federazioa","article_publisher":"https:\/\/www.facebook.com\/Landaola-1306311309416102","article_published_time":"2022-09-21T10:39:03+00:00","article_modified_time":"2026-01-19T09:03:39+00:00","og_image":[{"url":"http:\/\/landaola.eus\/wp-content\/uploads\/2023\/03\/sagar-ibilbidea-1024x583.png"}],"author":"admin","twitter_card":"summary_large_image","twitter_creator":"@Landaola_","twitter_site":"@Landaola_","twitter_misc":{"Escrito por":"admin","Tiempo de lectura":"4 minutos"},"schema":{"@context":"https:\/\/schema.org","@graph":[{"@type":"Article","@id":"https:\/\/landaola.eus\/es\/2-landaola-sariak-2019\/#article","isPartOf":{"@id":"https:\/\/landaola.eus\/es\/2-landaola-sariak-2019\/"},"author":{"name":"admin","@id":"https:\/\/landaola.eus\/#\/schema\/person\/8cae01563bb2e59e8efbd02bb907c029"},"headline":"II. Premios Landaola","datePublished":"2022-09-21T10:39:03+00:00","dateModified":"2026-01-19T09:03:39+00:00","mainEntityOfPage":{"@id":"https:\/\/landaola.eus\/es\/2-landaola-sariak-2019\/"},"wordCount":788,"publisher":{"@id":"https:\/\/landaola.eus\/#organization"},"articleSection":["Premios landaola"],"inLanguage":"es"},{"@type":"WebPage","@id":"https:\/\/landaola.eus\/es\/2-landaola-sariak-2019\/","url":"https:\/\/landaola.eus\/es\/2-landaola-sariak-2019\/","name":"II. Premios Landaola - Landaola - Gipuzkoako Landa Garapen Elkarteen Federazioa","isPartOf":{"@id":"https:\/\/landaola.eus\/#website"},"datePublished":"2022-09-21T10:39:03+00:00","dateModified":"2026-01-19T09:03:39+00:00","breadcrumb":{"@id":"https:\/\/landaola.eus\/es\/2-landaola-sariak-2019\/#breadcrumb"},"inLanguage":"es","potentialAction":[{"@type":"ReadAction","target":["https:\/\/landaola.eus\/es\/2-landaola-sariak-2019\/"]}]},{"@type":"BreadcrumbList","@id":"https:\/\/landaola.eus\/es\/2-landaola-sariak-2019\/#breadcrumb","itemListElement":[{"@type":"ListItem","position":1,"name":"Home","item":"https:\/\/landaola.eus\/es\/"},{"@type":"ListItem","position":2,"name":"II. Premios Landaola"}]},{"@type":"WebSite","@id":"https:\/\/landaola.eus\/#website","url":"https:\/\/landaola.eus\/","name":"Landaola - Gipuzkoako Landa Garapen Elkarteen Federazioa","description":"Gipuzkoako Landa Garapen Elkarteen Federazioa","publisher":{"@id":"https:\/\/landaola.eus\/#organization"},"potentialAction":[{"@type":"SearchAction","target":{"@type":"EntryPoint","urlTemplate":"https:\/\/landaola.eus\/?s={search_term_string}"},"query-input":"required name=search_term_string"}],"inLanguage":"es"},{"@type":"Organization","@id":"https:\/\/landaola.eus\/#organization","name":"LANDAOLA","alternateName":"Gipuzkoako landa garapen elkarteen federazioa","url":"https:\/\/landaola.eus\/","logo":{"@type":"ImageObject","inLanguage":"es","@id":"https:\/\/landaola.eus\/#\/schema\/logo\/image\/","url":"https:\/\/landaola.eus\/wp-content\/uploads\/2022\/11\/landaola.svg","contentUrl":"https:\/\/landaola.eus\/wp-content\/uploads\/2022\/11\/landaola.svg","width":1,"height":1,"caption":"LANDAOLA"},"image":{"@id":"https:\/\/landaola.eus\/#\/schema\/logo\/image\/"},"sameAs":["https:\/\/www.facebook.com\/Landaola-1306311309416102","https:\/\/twitter.com\/Landaola_","https:\/\/www.youtube.com\/channel\/UCmr3BnLvYWU86tkM-rHfXGg","https:\/\/www.instagram.com\/landaola_\/?igshid=YmMyMTA2M2Y"]},{"@type":"Person","@id":"https:\/\/landaola.eus\/#\/schema\/person\/8cae01563bb2e59e8efbd02bb907c029","name":"admin","image":{"@type":"ImageObject","inLanguage":"es","@id":"https:\/\/landaola.eus\/#\/schema\/person\/image\/","url":"https:\/\/secure.gravatar.com\/avatar\/8c3a9acb8f9806cac7d9a6cb951448f6?s=96&d=mm&r=g","contentUrl":"https:\/\/secure.gravatar.com\/avatar\/8c3a9acb8f9806cac7d9a6cb951448f6?s=96&d=mm&r=g","caption":"admin"},"sameAs":["http:\/\/landaola.eus"],"url":"https:\/\/landaola.eus\/es\/author\/admin\/"}]}},"_links":{"self":[{"href":"https:\/\/landaola.eus\/es\/wp-json\/wp\/v2\/posts\/255"}],"collection":[{"href":"https:\/\/landaola.eus\/es\/wp-json\/wp\/v2\/posts"}],"about":[{"href":"https:\/\/landaola.eus\/es\/wp-json\/wp\/v2\/types\/post"}],"author":[{"embeddable":true,"href":"https:\/\/landaola.eus\/es\/wp-json\/wp\/v2\/users\/1"}],"replies":[{"embeddable":true,"href":"https:\/\/landaola.eus\/es\/wp-json\/wp\/v2\/comments?post=255"}],"version-history":[{"count":20,"href":"https:\/\/landaola.eus\/es\/wp-json\/wp\/v2\/posts\/255\/revisions"}],"predecessor-version":[{"id":845,"href":"https:\/\/landaola.eus\/es\/wp-json\/wp\/v2\/posts\/255\/revisions\/845"}],"wp:attachment":[{"href":"https:\/\/landaola.eus\/es\/wp-json\/wp\/v2\/media?parent=255"}],"wp:term":[{"taxonomy":"category","embeddable":true,"href":"https:\/\/landaola.eus\/es\/wp-json\/wp\/v2\/categories?post=255"},{"taxonomy":"post_tag","embeddable":true,"href":"https:\/\/landaola.eus\/es\/wp-json\/wp\/v2\/tags?post=255"}],"curies":[{"name":"wp","href":"https:\/\/api.w.org\/{rel}","templated":true}]}}