{"id":157,"date":"2022-05-24T10:32:57","date_gmt":"2022-05-24T10:32:57","guid":{"rendered":"http:\/\/landaola.eus\/?p=157"},"modified":"2026-01-19T10:03:40","modified_gmt":"2026-01-19T09:03:40","slug":"1-edizioa","status":"publish","type":"post","link":"https:\/\/landaola.eus\/es\/1-edizioa\/","title":{"rendered":"I. Premios Landaola"},"content":{"rendered":"\n<p>Con el objetivo de apoyar a todas las entidades, administraciones, y personas que contribuyen al desarrollo de zonas rurales de Gipuzkoa, se han creado los Premios Landaola. La ceremonia se ha celebrado este jueves, 1 de febrero, en el edificio Goizane de Zaldibia y los galardones de la primera edici\u00f3n de los premios Landaola han sido para<\/p>\n\n\n\n<p>&nbsp;<\/p>\n\n\n\n<!--more-->\n\n\n\n<hr class=\"wp-block-separator has-alpha-channel-opacity is-style-wide\"\/>\n\n\n\n<h2 class=\"wp-block-heading\">Premiado en el apartado de entidades privadas: <strong>BIZILORE ESKOLA AKTIBOA Y ALBERGUE ABARAXKA<\/strong>. Asociaci\u00f3n cooperativa Hazitik<\/h2>\n\n\n\n<figure class=\"wp-block-image size-full\"><img loading=\"lazy\" decoding=\"async\" width=\"1024\" height=\"545\" src=\"http:\/\/landaola.eus\/wp-content\/uploads\/2022\/09\/Hazitik-kooperatiba-1.jpg\" alt=\"\" class=\"wp-image-234\" srcset=\"https:\/\/landaola.eus\/wp-content\/uploads\/2022\/09\/Hazitik-kooperatiba-1.jpg 1024w, https:\/\/landaola.eus\/wp-content\/uploads\/2022\/09\/Hazitik-kooperatiba-1-300x160.jpg 300w, https:\/\/landaola.eus\/wp-content\/uploads\/2022\/09\/Hazitik-kooperatiba-1-768x409.jpg 768w\" sizes=\"(max-width: 1024px) 100vw, 1024px\" \/><\/figure>\n\n\n\n<p>La Asociaci\u00f3n Cooperativa Hazitik ha emprendido su camino tomando como eje un enfoque respetuoso con los procesos vitales de cada uno, el libre desarrollo de la personalidad de cada individuo y apuesta por las relaciones armoniosas y saludables. Est\u00e1n comprometidas con las personas, con el entorno, con los procesos sostenibles y con la innovaci\u00f3n. Siguiendo esa perspectiva, en el barrio rural Kukuerri de Azkoitia, la cooperativa ha abierto la escuela activa Bizilore y el albergue Abaraxka.<\/p>\n\n\n\n<hr class=\"wp-block-separator has-alpha-channel-opacity is-style-wide\"\/>\n\n\n\n<h2 class=\"wp-block-heading\">Premiado en el apartado de entidades p\u00fablicas: <strong>AYUNTAMIENTO DE TOLOSA<\/strong>. Vivero de plantas en el barrio Santalutzi de Tolosa<\/h2>\n\n\n\n<figure class=\"wp-block-image size-large\"><img loading=\"lazy\" decoding=\"async\" width=\"1024\" height=\"768\" src=\"http:\/\/landaola.eus\/wp-content\/uploads\/2022\/09\/Tolosako-Santalutziko-hazitegia-1024x768.jpg\" alt=\"\" class=\"wp-image-228\" srcset=\"https:\/\/landaola.eus\/wp-content\/uploads\/2022\/09\/Tolosako-Santalutziko-hazitegia-1024x768.jpg 1024w, https:\/\/landaola.eus\/wp-content\/uploads\/2022\/09\/Tolosako-Santalutziko-hazitegia-300x225.jpg 300w, https:\/\/landaola.eus\/wp-content\/uploads\/2022\/09\/Tolosako-Santalutziko-hazitegia-768x576.jpg 768w, https:\/\/landaola.eus\/wp-content\/uploads\/2022\/09\/Tolosako-Santalutziko-hazitegia-1536x1152.jpg 1536w, https:\/\/landaola.eus\/wp-content\/uploads\/2022\/09\/Tolosako-Santalutziko-hazitegia.jpg 1600w\" sizes=\"(max-width: 1024px) 100vw, 1024px\" \/><\/figure>\n\n\n\n<p>Este proyecto, fruto de la colaboraci\u00f3n entre el Ayuntamiento de Tolosa, escuela agraria Fraisoro, y la asociaci\u00f3n para el Desarrollo Rural Tolomendi, tiene como objetivo la mejora del vivero para plantas en el barrio Santalutzi de Tolosa. Las instalaciones posibilitan que los alumnos de la escuela agraria Fraisoro realicen pr\u00e1cticas de formaci\u00f3n en el primer sector<\/p>\n\n\n\n<hr class=\"wp-block-separator has-alpha-channel-opacity is-style-wide\"\/>\n\n\n\n<h2 class=\"wp-block-heading\">Menci\u00f3n especial: <strong>MENDIKO GAZTA<\/strong>.<\/h2>\n\n\n\n<figure class=\"wp-block-image size-full\"><img loading=\"lazy\" decoding=\"async\" width=\"724\" height=\"543\" src=\"http:\/\/landaola.eus\/wp-content\/uploads\/2022\/09\/Mendiko-gazta.jpg\" alt=\"Mendiko Gazta\" class=\"wp-image-223\" srcset=\"https:\/\/landaola.eus\/wp-content\/uploads\/2022\/09\/Mendiko-gazta.jpg 724w, https:\/\/landaola.eus\/wp-content\/uploads\/2022\/09\/Mendiko-gazta-300x225.jpg 300w\" sizes=\"(max-width: 724px) 100vw, 724px\" \/><\/figure>\n\n\n\n<p>En esta primera edici\u00f3n de los premios Landaola, se ha querido hacer una menci\u00f3n especial al proyecto Mendiko Gazta. Dentro de la Denominaci\u00f3n de Origen Protegida Idiazabal, la nueva marca colectiva representar\u00e1 las queser\u00edas que siguen m\u00e9todos de producci\u00f3n m\u00e1s artesanales y que est\u00e1n situadas en as zonas de monta\u00f1a.&nbsp;<\/p>\n\n\n\n<hr class=\"wp-block-separator has-alpha-channel-opacity is-style-wide\"\/>\n\n\n\n<h2 class=\"wp-block-heading\">Premio Landaola a toda una trayectoria: ANTTON DORRONSORO Y GERMAN MURUAMENDIARAZ <\/h2>\n\n\n\n<blockquote class=\"wp-block-quote\"><p>ANTTON DORRONSORO<\/p><\/blockquote>\n\n\n\n<figure class=\"wp-block-image size-full is-resized\"><img decoding=\"async\" src=\"http:\/\/landaola.eus\/wp-content\/uploads\/2022\/09\/ANTTON-DORRONSORO.jpg\" alt=\"\" class=\"wp-image-239\" width=\"724\" srcset=\"https:\/\/landaola.eus\/wp-content\/uploads\/2022\/09\/ANTTON-DORRONSORO.jpg 807w, https:\/\/landaola.eus\/wp-content\/uploads\/2022\/09\/ANTTON-DORRONSORO-300x225.jpg 300w, https:\/\/landaola.eus\/wp-content\/uploads\/2022\/09\/ANTTON-DORRONSORO-768x577.jpg 768w\" sizes=\"(max-width: 807px) 100vw, 807px\" \/><\/figure>\n\n\n\n<p>Nacido&nbsp;en&nbsp;el&nbsp;caser\u00edo&nbsp;Ondazarte&nbsp;de&nbsp;Igeldo,&nbsp;un&nbsp;hombre&nbsp;con&nbsp;una dilatada&nbsp;y&nbsp;rica&nbsp;trayectoria&nbsp;en&nbsp;el&nbsp;sector&nbsp;agrario.&nbsp;Ha&nbsp;sido,&nbsp;entre&nbsp;otros, fundador&nbsp;y&nbsp;presidente&nbsp;del&nbsp;sindicato&nbsp;Ehne&nbsp;y&nbsp;promotor&nbsp;de&nbsp;la&nbsp;Leche&nbsp;de Igueldo.&nbsp;Tambi\u00e9n&nbsp;cabe&nbsp;destacar&nbsp;el&nbsp;trabajo&nbsp;realizado&nbsp;con&nbsp;los comercios&nbsp;locales&nbsp;a&nbsp;favor&nbsp;de&nbsp;la&nbsp;venta&nbsp;directa&nbsp;o&nbsp;las&nbsp;acciones&nbsp;de adaptaci\u00f3n&nbsp;a&nbsp;los&nbsp;nuevos&nbsp;canales&nbsp;de&nbsp;venta.&nbsp;La&nbsp;implicaci\u00f3n&nbsp;de&nbsp;su mujer&nbsp;ha&nbsp;sido&nbsp;fundamental&nbsp;en&nbsp;su&nbsp;carrera.&nbsp;<\/p>\n\n\n\n<p>Apuntes sobre su trayectoria:&nbsp;<\/p>\n\n\n\n<p>&#8211; Fundador del sindicato EHNE.<\/p>\n\n\n\n<p>&#8211; Primer presidente del sindicatoo EHNE.<\/p>\n\n\n\n<p>&#8211; Miembro de los movimientos Herri Gaztedi y Baserri Gazte.<\/p>\n\n\n\n<p>&#8211; Miembro de Lurgintza.<\/p>\n\n\n\n<p>&#8211; Fundador de la Leche de Igeldo.<\/p>\n\n\n\n<p>&#8211; Su trabajo a favor de la venta directa y en colaboraci\u00f3n con el comercio local.&nbsp;<\/p>\n\n\n\n<p>&#8211; Estrategias innovadoras para la venta (maquina de leche).&nbsp;<\/p>\n\n\n\n<p>&#8211; Ha garantizado el relevo generacional en el caserio.&nbsp;<\/p>\n\n\n\n<blockquote class=\"wp-block-quote\"><p>GERMAN MURUAMENDIARAZ<\/p><\/blockquote>\n\n\n\n<figure class=\"wp-block-image size-full\"><img loading=\"lazy\" decoding=\"async\" width=\"724\" height=\"449\" src=\"http:\/\/landaola.eus\/wp-content\/uploads\/2022\/09\/GERMAN-MURUAMENDIARAZ-2.jpg\" alt=\"\" class=\"wp-image-244\" srcset=\"https:\/\/landaola.eus\/wp-content\/uploads\/2022\/09\/GERMAN-MURUAMENDIARAZ-2.jpg 724w, https:\/\/landaola.eus\/wp-content\/uploads\/2022\/09\/GERMAN-MURUAMENDIARAZ-2-300x186.jpg 300w\" sizes=\"(max-width: 724px) 100vw, 724px\" \/><\/figure>\n\n\n\n<p>Un&nbsp;hombre&nbsp;que&nbsp;ha&nbsp;convivido&nbsp;con&nbsp;el&nbsp;mundo&nbsp;cooperativo&nbsp;y&nbsp;rural. Estudi\u00f3&nbsp;Ingenier\u00eda&nbsp;T\u00e9cnica&nbsp;Agraria&nbsp;en&nbsp;Valladolid&nbsp;y&nbsp;comenz\u00f3&nbsp;su carrera&nbsp;profesional&nbsp;en&nbsp;la&nbsp;cooperativa&nbsp;Lana.&nbsp;Posteriormente&nbsp;particip\u00f3 en&nbsp;la&nbsp;creaci\u00f3n&nbsp;de&nbsp;la&nbsp;cooperativa&nbsp;Behi&nbsp;Alde&nbsp;y&nbsp;fue&nbsp;gerente&nbsp;de&nbsp;la&nbsp;misma durante&nbsp;varios&nbsp;a\u00f1os.&nbsp;Ha&nbsp;sido&nbsp;tambi\u00e9n&nbsp;promotor&nbsp;de&nbsp;diversas asociaciones&nbsp;ganaderas,&nbsp;siendo&nbsp;nombrado&nbsp;Presidente&nbsp;de&nbsp;la Asociaci\u00f3n&nbsp;de&nbsp;Desarrollo&nbsp;Rural&nbsp;del&nbsp;Alto&nbsp;Deba.<\/p>\n\n\n\n<p>En&nbsp;los&nbsp;\u00faltimos&nbsp;a\u00f1os&nbsp;ha&nbsp;trabajado&nbsp;en&nbsp;la&nbsp;protecci\u00f3n&nbsp;de&nbsp;los&nbsp;productos del&nbsp;caser\u00edo&nbsp;aut\u00f3ctono,&nbsp;entre&nbsp;ellos&nbsp;la&nbsp;denominaci\u00f3n&nbsp;de&nbsp;origen&nbsp;Label,&nbsp;o como&nbsp;director&nbsp;de&nbsp;la&nbsp;Fundaci\u00f3n&nbsp;Kalitatea.&nbsp;En&nbsp;los&nbsp;\u00faltimos&nbsp;a\u00f1os&nbsp;ha trabajado&nbsp;en&nbsp;la&nbsp;Fundaci\u00f3n&nbsp;Sukal&nbsp;Leku.<\/p>\n\n\n\n<p>Apuntes sobre su trayectoria:&nbsp;<\/p>\n\n\n\n<p>&#8211; Formaci\u00f3n como Ingeniero Agronomo.&nbsp;<\/p>\n\n\n\n<p>&#8211; Su trayectoria laboral empez\u00f3 en la Cooperativa Lana (1972\/77).<\/p>\n\n\n\n<p>&#8211; Cooperativa Behi Alde Kooperatiba (1977\/91).<\/p>\n\n\n\n<p>&#8211; Cofundador de la asociaci\u00f3n Herri Behi Elkartea (HEBE).<\/p>\n\n\n\n<p>&#8211; Cofundador de la asociaci\u00f3n guipuzcoana da la raza frisona (GIFE).<\/p>\n\n\n\n<p>&#8211; Fue el primer presidente de la Asociaci\u00f3n para el Desarrollo Rural de Debagoiena.<\/p>\n\n\n\n<p>&#8211; Director de Industria y Pol\u00edtica Alimentaria (1991\/1998).<\/p>\n\n\n\n<p>&#8211; Director de la fundaci\u00f3n Kalitate(1998\/2007).<\/p>\n\n\n\n<p>&#8211; Fundaci\u00f3n Sukal Leku (2008\/2012).<\/p>\n\n\n\n<hr class=\"wp-block-separator has-alpha-channel-opacity is-style-wide\"\/>\n\n\n\n<h2 class=\"wp-block-heading\">Proyectos nominados<\/h2>\n\n\n\n<p>Ayuntamiento de Oiartzun: Lurbizi<\/p>\n\n\n\n<p>Ayuntamiento de Leintz Gatzaga: Gatz egun y feria ecol\u00f3gica<\/p>\n\n\n\n<p>Agencia de Desarrollo Comarcal de Urola Garaia: Bertatik Bertara<\/p>\n\n\n\n<p>Ayuntamiento de Azpeitia: Mercado de Azpeitia<\/p>\n\n\n\n<p>Lurrarte: de la huerta a la mesa<\/p>\n\n\n\n<p>Empresa Elay: de la huerta a la empresa<\/p>\n\n\n\n<p>Goierriko nekazal kooperatiba: Reflexi\u00f3n estrat\u00e9gica y remodelaci\u00f3n<\/p>\n\n\n\n<hr class=\"wp-block-separator has-alpha-channel-opacity is-style-wide\"\/>\n\n\n\n<div class=\"wp-block-buttons is-layout-flex wp-block-buttons-is-layout-flex\">\n<div class=\"wp-block-button\"><a class=\"wp-block-button__link\" href=\"http:\/\/landaola.eus\/wp-content\/uploads\/2022\/09\/Dossier-LANDAOLA-SARIAK-1.pdf\" target=\"_blank\" rel=\"noreferrer noopener\">Dossier \u2013 I. PREMIOS LANDAOLA<\/a><\/div>\n<\/div>\n","protected":false},"excerpt":{"rendered":"<p>Con el objetivo de apoyar a todas las entidades, administraciones, y personas que contribuyen al desarrollo de zonas rurales de Gipuzkoa, se han creado los Premios Landaola. La ceremonia se ha celebrado este jueves, 1 de febrero, en el edificio Goizane de Zaldibia y los galardones de la primera edici\u00f3n de los premios Landaola han [&hellip;]<\/p>\n","protected":false},"author":1,"featured_media":158,"comment_status":"closed","ping_status":"closed","sticky":false,"template":"","format":"standard","meta":{"footnotes":""},"categories":[18],"tags":[],"yoast_head":"<!-- This site is optimized with the Yoast SEO plugin v21.5 - https:\/\/yoast.com\/wordpress\/plugins\/seo\/ -->\n<title>I. Premios Landaola - Landaola - Gipuzkoako Landa Garapen Elkarteen Federazioa<\/title>\n<meta name=\"robots\" content=\"index, follow, max-snippet:-1, max-image-preview:large, max-video-preview:-1\" \/>\n<link rel=\"canonical\" href=\"https:\/\/landaola.eus\/es\/1-edizioa\/\" \/>\n<meta property=\"og:locale\" content=\"es_ES\" \/>\n<meta property=\"og:type\" content=\"article\" \/>\n<meta property=\"og:title\" content=\"I. Premios Landaola - Landaola - Gipuzkoako Landa Garapen Elkarteen Federazioa\" \/>\n<meta property=\"og:description\" content=\"Con el objetivo de apoyar a todas las entidades, administraciones, y personas que contribuyen al desarrollo de zonas rurales de Gipuzkoa, se han creado los Premios Landaola. La ceremonia se ha celebrado este jueves, 1 de febrero, en el edificio Goizane de Zaldibia y los galardones de la primera edici\u00f3n de los premios Landaola han [&hellip;]\" \/>\n<meta property=\"og:url\" content=\"https:\/\/landaola.eus\/es\/1-edizioa\/\" \/>\n<meta property=\"og:site_name\" content=\"Landaola - Gipuzkoako Landa Garapen Elkarteen Federazioa\" \/>\n<meta property=\"article:publisher\" content=\"https:\/\/www.facebook.com\/Landaola-1306311309416102\" \/>\n<meta property=\"article:published_time\" content=\"2022-05-24T10:32:57+00:00\" \/>\n<meta property=\"article:modified_time\" content=\"2026-01-19T09:03:40+00:00\" \/>\n<meta property=\"og:image\" content=\"http:\/\/landaola.eus\/wp-content\/uploads\/2022\/05\/sariak1.jpg\" \/>\n\t<meta property=\"og:image:width\" content=\"800\" \/>\n\t<meta property=\"og:image:height\" content=\"581\" \/>\n\t<meta property=\"og:image:type\" content=\"image\/jpeg\" \/>\n<meta name=\"author\" content=\"admin\" \/>\n<meta name=\"twitter:card\" content=\"summary_large_image\" \/>\n<meta name=\"twitter:creator\" content=\"@Landaola_\" \/>\n<meta name=\"twitter:site\" content=\"@Landaola_\" \/>\n<meta name=\"twitter:label1\" content=\"Escrito por\" \/>\n\t<meta name=\"twitter:data1\" content=\"admin\" \/>\n\t<meta name=\"twitter:label2\" content=\"Tiempo de lectura\" \/>\n\t<meta name=\"twitter:data2\" content=\"4 minutos\" \/>\n<script type=\"application\/ld+json\" class=\"yoast-schema-graph\">{\"@context\":\"https:\/\/schema.org\",\"@graph\":[{\"@type\":\"Article\",\"@id\":\"https:\/\/landaola.eus\/es\/1-edizioa\/#article\",\"isPartOf\":{\"@id\":\"https:\/\/landaola.eus\/es\/1-edizioa\/\"},\"author\":{\"name\":\"admin\",\"@id\":\"https:\/\/landaola.eus\/#\/schema\/person\/8cae01563bb2e59e8efbd02bb907c029\"},\"headline\":\"I. Premios Landaola\",\"datePublished\":\"2022-05-24T10:32:57+00:00\",\"dateModified\":\"2026-01-19T09:03:40+00:00\",\"mainEntityOfPage\":{\"@id\":\"https:\/\/landaola.eus\/es\/1-edizioa\/\"},\"wordCount\":894,\"publisher\":{\"@id\":\"https:\/\/landaola.eus\/#organization\"},\"articleSection\":[\"Premios landaola\"],\"inLanguage\":\"es\"},{\"@type\":\"WebPage\",\"@id\":\"https:\/\/landaola.eus\/es\/1-edizioa\/\",\"url\":\"https:\/\/landaola.eus\/es\/1-edizioa\/\",\"name\":\"I. Premios Landaola - Landaola - Gipuzkoako Landa Garapen Elkarteen Federazioa\",\"isPartOf\":{\"@id\":\"https:\/\/landaola.eus\/#website\"},\"datePublished\":\"2022-05-24T10:32:57+00:00\",\"dateModified\":\"2026-01-19T09:03:40+00:00\",\"breadcrumb\":{\"@id\":\"https:\/\/landaola.eus\/es\/1-edizioa\/#breadcrumb\"},\"inLanguage\":\"es\",\"potentialAction\":[{\"@type\":\"ReadAction\",\"target\":[\"https:\/\/landaola.eus\/es\/1-edizioa\/\"]}]},{\"@type\":\"BreadcrumbList\",\"@id\":\"https:\/\/landaola.eus\/es\/1-edizioa\/#breadcrumb\",\"itemListElement\":[{\"@type\":\"ListItem\",\"position\":1,\"name\":\"Home\",\"item\":\"https:\/\/landaola.eus\/es\/\"},{\"@type\":\"ListItem\",\"position\":2,\"name\":\"I. Premios Landaola\"}]},{\"@type\":\"WebSite\",\"@id\":\"https:\/\/landaola.eus\/#website\",\"url\":\"https:\/\/landaola.eus\/\",\"name\":\"Landaola - Gipuzkoako Landa Garapen Elkarteen Federazioa\",\"description\":\"Gipuzkoako Landa Garapen Elkarteen Federazioa\",\"publisher\":{\"@id\":\"https:\/\/landaola.eus\/#organization\"},\"potentialAction\":[{\"@type\":\"SearchAction\",\"target\":{\"@type\":\"EntryPoint\",\"urlTemplate\":\"https:\/\/landaola.eus\/?s={search_term_string}\"},\"query-input\":\"required name=search_term_string\"}],\"inLanguage\":\"es\"},{\"@type\":\"Organization\",\"@id\":\"https:\/\/landaola.eus\/#organization\",\"name\":\"LANDAOLA\",\"alternateName\":\"Gipuzkoako landa garapen elkarteen federazioa\",\"url\":\"https:\/\/landaola.eus\/\",\"logo\":{\"@type\":\"ImageObject\",\"inLanguage\":\"es\",\"@id\":\"https:\/\/landaola.eus\/#\/schema\/logo\/image\/\",\"url\":\"https:\/\/landaola.eus\/wp-content\/uploads\/2022\/11\/landaola.svg\",\"contentUrl\":\"https:\/\/landaola.eus\/wp-content\/uploads\/2022\/11\/landaola.svg\",\"width\":1,\"height\":1,\"caption\":\"LANDAOLA\"},\"image\":{\"@id\":\"https:\/\/landaola.eus\/#\/schema\/logo\/image\/\"},\"sameAs\":[\"https:\/\/www.facebook.com\/Landaola-1306311309416102\",\"https:\/\/twitter.com\/Landaola_\",\"https:\/\/www.youtube.com\/channel\/UCmr3BnLvYWU86tkM-rHfXGg\",\"https:\/\/www.instagram.com\/landaola_\/?igshid=YmMyMTA2M2Y\"]},{\"@type\":\"Person\",\"@id\":\"https:\/\/landaola.eus\/#\/schema\/person\/8cae01563bb2e59e8efbd02bb907c029\",\"name\":\"admin\",\"image\":{\"@type\":\"ImageObject\",\"inLanguage\":\"es\",\"@id\":\"https:\/\/landaola.eus\/#\/schema\/person\/image\/\",\"url\":\"https:\/\/secure.gravatar.com\/avatar\/8c3a9acb8f9806cac7d9a6cb951448f6?s=96&d=mm&r=g\",\"contentUrl\":\"https:\/\/secure.gravatar.com\/avatar\/8c3a9acb8f9806cac7d9a6cb951448f6?s=96&d=mm&r=g\",\"caption\":\"admin\"},\"sameAs\":[\"http:\/\/landaola.eus\"],\"url\":\"https:\/\/landaola.eus\/es\/author\/admin\/\"}]}<\/script>\n<!-- \/ Yoast SEO plugin. -->","yoast_head_json":{"title":"I. Premios Landaola - Landaola - Gipuzkoako Landa Garapen Elkarteen Federazioa","robots":{"index":"index","follow":"follow","max-snippet":"max-snippet:-1","max-image-preview":"max-image-preview:large","max-video-preview":"max-video-preview:-1"},"canonical":"https:\/\/landaola.eus\/es\/1-edizioa\/","og_locale":"es_ES","og_type":"article","og_title":"I. Premios Landaola - Landaola - Gipuzkoako Landa Garapen Elkarteen Federazioa","og_description":"Con el objetivo de apoyar a todas las entidades, administraciones, y personas que contribuyen al desarrollo de zonas rurales de Gipuzkoa, se han creado los Premios Landaola. La ceremonia se ha celebrado este jueves, 1 de febrero, en el edificio Goizane de Zaldibia y los galardones de la primera edici\u00f3n de los premios Landaola han [&hellip;]","og_url":"https:\/\/landaola.eus\/es\/1-edizioa\/","og_site_name":"Landaola - Gipuzkoako Landa Garapen Elkarteen Federazioa","article_publisher":"https:\/\/www.facebook.com\/Landaola-1306311309416102","article_published_time":"2022-05-24T10:32:57+00:00","article_modified_time":"2026-01-19T09:03:40+00:00","og_image":[{"width":800,"height":581,"url":"http:\/\/landaola.eus\/wp-content\/uploads\/2022\/05\/sariak1.jpg","type":"image\/jpeg"}],"author":"admin","twitter_card":"summary_large_image","twitter_creator":"@Landaola_","twitter_site":"@Landaola_","twitter_misc":{"Escrito por":"admin","Tiempo de lectura":"4 minutos"},"schema":{"@context":"https:\/\/schema.org","@graph":[{"@type":"Article","@id":"https:\/\/landaola.eus\/es\/1-edizioa\/#article","isPartOf":{"@id":"https:\/\/landaola.eus\/es\/1-edizioa\/"},"author":{"name":"admin","@id":"https:\/\/landaola.eus\/#\/schema\/person\/8cae01563bb2e59e8efbd02bb907c029"},"headline":"I. Premios Landaola","datePublished":"2022-05-24T10:32:57+00:00","dateModified":"2026-01-19T09:03:40+00:00","mainEntityOfPage":{"@id":"https:\/\/landaola.eus\/es\/1-edizioa\/"},"wordCount":894,"publisher":{"@id":"https:\/\/landaola.eus\/#organization"},"articleSection":["Premios landaola"],"inLanguage":"es"},{"@type":"WebPage","@id":"https:\/\/landaola.eus\/es\/1-edizioa\/","url":"https:\/\/landaola.eus\/es\/1-edizioa\/","name":"I. Premios Landaola - Landaola - Gipuzkoako Landa Garapen Elkarteen Federazioa","isPartOf":{"@id":"https:\/\/landaola.eus\/#website"},"datePublished":"2022-05-24T10:32:57+00:00","dateModified":"2026-01-19T09:03:40+00:00","breadcrumb":{"@id":"https:\/\/landaola.eus\/es\/1-edizioa\/#breadcrumb"},"inLanguage":"es","potentialAction":[{"@type":"ReadAction","target":["https:\/\/landaola.eus\/es\/1-edizioa\/"]}]},{"@type":"BreadcrumbList","@id":"https:\/\/landaola.eus\/es\/1-edizioa\/#breadcrumb","itemListElement":[{"@type":"ListItem","position":1,"name":"Home","item":"https:\/\/landaola.eus\/es\/"},{"@type":"ListItem","position":2,"name":"I. Premios Landaola"}]},{"@type":"WebSite","@id":"https:\/\/landaola.eus\/#website","url":"https:\/\/landaola.eus\/","name":"Landaola - Gipuzkoako Landa Garapen Elkarteen Federazioa","description":"Gipuzkoako Landa Garapen Elkarteen Federazioa","publisher":{"@id":"https:\/\/landaola.eus\/#organization"},"potentialAction":[{"@type":"SearchAction","target":{"@type":"EntryPoint","urlTemplate":"https:\/\/landaola.eus\/?s={search_term_string}"},"query-input":"required name=search_term_string"}],"inLanguage":"es"},{"@type":"Organization","@id":"https:\/\/landaola.eus\/#organization","name":"LANDAOLA","alternateName":"Gipuzkoako landa garapen elkarteen federazioa","url":"https:\/\/landaola.eus\/","logo":{"@type":"ImageObject","inLanguage":"es","@id":"https:\/\/landaola.eus\/#\/schema\/logo\/image\/","url":"https:\/\/landaola.eus\/wp-content\/uploads\/2022\/11\/landaola.svg","contentUrl":"https:\/\/landaola.eus\/wp-content\/uploads\/2022\/11\/landaola.svg","width":1,"height":1,"caption":"LANDAOLA"},"image":{"@id":"https:\/\/landaola.eus\/#\/schema\/logo\/image\/"},"sameAs":["https:\/\/www.facebook.com\/Landaola-1306311309416102","https:\/\/twitter.com\/Landaola_","https:\/\/www.youtube.com\/channel\/UCmr3BnLvYWU86tkM-rHfXGg","https:\/\/www.instagram.com\/landaola_\/?igshid=YmMyMTA2M2Y"]},{"@type":"Person","@id":"https:\/\/landaola.eus\/#\/schema\/person\/8cae01563bb2e59e8efbd02bb907c029","name":"admin","image":{"@type":"ImageObject","inLanguage":"es","@id":"https:\/\/landaola.eus\/#\/schema\/person\/image\/","url":"https:\/\/secure.gravatar.com\/avatar\/8c3a9acb8f9806cac7d9a6cb951448f6?s=96&d=mm&r=g","contentUrl":"https:\/\/secure.gravatar.com\/avatar\/8c3a9acb8f9806cac7d9a6cb951448f6?s=96&d=mm&r=g","caption":"admin"},"sameAs":["http:\/\/landaola.eus"],"url":"https:\/\/landaola.eus\/es\/author\/admin\/"}]}},"_links":{"self":[{"href":"https:\/\/landaola.eus\/es\/wp-json\/wp\/v2\/posts\/157"}],"collection":[{"href":"https:\/\/landaola.eus\/es\/wp-json\/wp\/v2\/posts"}],"about":[{"href":"https:\/\/landaola.eus\/es\/wp-json\/wp\/v2\/types\/post"}],"author":[{"embeddable":true,"href":"https:\/\/landaola.eus\/es\/wp-json\/wp\/v2\/users\/1"}],"replies":[{"embeddable":true,"href":"https:\/\/landaola.eus\/es\/wp-json\/wp\/v2\/comments?post=157"}],"version-history":[{"count":43,"href":"https:\/\/landaola.eus\/es\/wp-json\/wp\/v2\/posts\/157\/revisions"}],"predecessor-version":[{"id":832,"href":"https:\/\/landaola.eus\/es\/wp-json\/wp\/v2\/posts\/157\/revisions\/832"}],"wp:featuredmedia":[{"embeddable":true,"href":"https:\/\/landaola.eus\/es\/wp-json\/wp\/v2\/media\/158"}],"wp:attachment":[{"href":"https:\/\/landaola.eus\/es\/wp-json\/wp\/v2\/media?parent=157"}],"wp:term":[{"taxonomy":"category","embeddable":true,"href":"https:\/\/landaola.eus\/es\/wp-json\/wp\/v2\/categories?post=157"},{"taxonomy":"post_tag","embeddable":true,"href":"https:\/\/landaola.eus\/es\/wp-json\/wp\/v2\/tags?post=157"}],"curies":[{"name":"wp","href":"https:\/\/api.w.org\/{rel}","templated":true}]}}