{"id":1487,"date":"2026-03-06T16:12:34","date_gmt":"2026-03-06T15:12:34","guid":{"rendered":"https:\/\/landaola.eus\/?p=1487"},"modified":"2026-03-18T11:10:53","modified_gmt":"2026-03-18T10:10:53","slug":"ix-landaola-sariak","status":"publish","type":"post","link":"https:\/\/landaola.eus\/es\/ix-landaola-sariak\/","title":{"rendered":"IX. Landaola Sariak"},"content":{"rendered":"\n<p>Un a\u00f1o m\u00e1s, queriendo reconocer los proyectos de desarrollo rural de Gipuzkoa, la Federaci\u00f3n Landaola ha organizado la IX. edici\u00f3n de Landaola Sariak. Y estos son los proyectos premiados:<\/p>\n\n\n\n<!--more-->\n\n\n\n<p>Premiado en el apartado de entidades privadas: BIZI IRAUN. OIARTZUNGO BASERRITAR ELKARTEA<\/p>\n\n\n\n<figure class=\"wp-block-image size-large\"><img loading=\"lazy\" decoding=\"async\" width=\"1024\" height=\"768\" src=\"http:\/\/landaola.eus\/wp-content\/uploads\/2026\/03\/pribatua-1024x768.jpeg\" alt=\"\" class=\"wp-image-1472\" srcset=\"https:\/\/landaola.eus\/wp-content\/uploads\/2026\/03\/pribatua-1024x768.jpeg 1024w, https:\/\/landaola.eus\/wp-content\/uploads\/2026\/03\/pribatua-300x225.jpeg 300w, https:\/\/landaola.eus\/wp-content\/uploads\/2026\/03\/pribatua-768x576.jpeg 768w, https:\/\/landaola.eus\/wp-content\/uploads\/2026\/03\/pribatua-1536x1152.jpeg 1536w, https:\/\/landaola.eus\/wp-content\/uploads\/2026\/03\/pribatua.jpeg 1600w\" sizes=\"(max-width: 1024px) 100vw, 1024px\" \/><\/figure>\n\n\n\n<p>Bizi-Iraun Oiartzungo Baserritar Elkartea tiene como objetivo promocionar y potenciar el sector de agricultores y ganaderos de la localidad de Oiartzun. El fin principal de la asociaci\u00f3n es el apoyo a los profesionales del sector, promoviendo v\u00edas para responder a sus necesidades y mejorar su situaci\u00f3n econ\u00f3mica y social. Al mismo tiempo, pretende poner en valor los caser\u00edos (ya que son imprescindibles) y las actividades y formas de vida asociadas a los mismos, para evitar su desaparici\u00f3n y garantizar su continuidad para el futuro.<\/p>\n\n\n\n<p>Asimismo, Bizi-Iraun remarca el valor estrat\u00e9gico del caser\u00edo: adem\u00e1s de ser la base del sistema alimentario, es un modo de vida que garantiza el cuidado del paisaje, la protecci\u00f3n de la biodiversidad y la cohesi\u00f3n de la comunidad.<\/p>\n\n\n\n<p>Dentro de la asociaci\u00f3n se re\u00fanen baserritarras de diferentes subsectores para responder colectivamente a los retos del sector y ayudar a desarrollar propuestas de mejora. En 2025 se han puesto en marcha dos proyectos significativos:<\/p>\n\n\n\n<p>1. Programa de pr\u00e1cticas de verano para los j\u00f3venes del municipio: Seis j\u00f3venes de la localidad han realizado una estancia de un mes en las explotaciones de cinco miembros de la asociaci\u00f3n, para conocer de cerca el sector primario y vivir en directo la experiencia del trabajo agrario.<\/p>\n\n\n\n<p>2. El circuito corto de carne: la iniciativa pretende comercializar en Oiartzun mismo la carne de terneros que se produce en los caser\u00edos de la localidad, para fomentar la producci\u00f3n y el consumo local, impulsando la venta directa y buscando que las producciones de la localidad se consuman all\u00ed.<\/p>\n\n\n\n<hr class=\"wp-block-separator has-alpha-channel-opacity\"\/>\n\n\n\n<p>Premiado en el apartado de entidades p\u00fablicas: ITSASO HERRIA. \u201cSindikatoa\u201d denda.<\/p>\n\n\n\n<figure class=\"wp-block-image size-large\"><img loading=\"lazy\" decoding=\"async\" width=\"1024\" height=\"576\" src=\"http:\/\/landaola.eus\/wp-content\/uploads\/2026\/03\/publikoa-1024x576.jpg\" alt=\"\" class=\"wp-image-1474\" srcset=\"https:\/\/landaola.eus\/wp-content\/uploads\/2026\/03\/publikoa-1024x576.jpg 1024w, https:\/\/landaola.eus\/wp-content\/uploads\/2026\/03\/publikoa-300x169.jpg 300w, https:\/\/landaola.eus\/wp-content\/uploads\/2026\/03\/publikoa-768x432.jpg 768w, https:\/\/landaola.eus\/wp-content\/uploads\/2026\/03\/publikoa-1536x864.jpg 1536w, https:\/\/landaola.eus\/wp-content\/uploads\/2026\/03\/publikoa-2048x1152.jpg 2048w\" sizes=\"(max-width: 1024px) 100vw, 1024px\" \/><\/figure>\n\n\n\n<p>La tienda Sindikatoa del barrio Alegia de Itsaso ha abierto sus puertas con un formato innovador, ya que la tienda es una tienda aut\u00f3noma sin vendedores. As\u00ed mismo, la tienda ser\u00e1 un punto de encuentro entre productores y clientes: los productores suministran directamente la tienda, y los ciudadanos socios, con su identificaci\u00f3n, pueden entrar a hacer sus compras en el momento que quieran.<\/p>\n\n\n\n<p>La f\u00f3rmula sin dependiente ha sido seleccionada para mantener el servicio y reforzar su viabilidad. Como Itsaso es una localidad de unos 160 habitantes, el servicio de proximidad es fundamental para poder realizar las compras diarias en el propio pueblo, sin necesidad de coger el coche, y, al mismo tiempo, dar salida a la producci\u00f3n local.<\/p>\n\n\n\n<p>El servicio, por lo tanto, facilitar\u00e1 las compras a los vecinos, especialmente a los que tienen dificultades de movilidad o a los que tienen el tiempo justo para las compras diarias. Pero tambi\u00e9n tiene evidentes ventajas para los productores, ya que se les ofrece un espacio f\u00edsico estable de venta de productos. De esta forma, la tienda Sindikatoa se convierte en una herramienta eficaz para poner en valor la producci\u00f3n local y potenciar los canales cortos de comercializaci\u00f3n.<\/p>\n\n\n\n<p>Ha comenzado su andadura con 50 socios (la mayor\u00eda de ellos itsasoarras) pero los empadronados en Ezkio, Gabiria y Ormaiztegi, as\u00ed como los que trabajen en Itsaso, tambi\u00e9n tendr\u00e1n la oportunidad de ser socios.<\/p>\n\n\n\n<p>En definitiva, la nueva tienda es una apuesta pr\u00e1ctica por la sostenibilidad rural que activa la econom\u00eda local, pone en valor la producci\u00f3n, acerca los servicios y consolida la cohesi\u00f3n comunitaria<\/p>\n\n\n\n<hr class=\"wp-block-separator has-alpha-channel-opacity\"\/>\n\n\n\n<p>Premio Landaola a las mujeres en el medio rural: MAITANE BERISTAIN SALEGI<\/p>\n\n\n\n<figure class=\"wp-block-image size-large\"><img loading=\"lazy\" decoding=\"async\" width=\"1024\" height=\"548\" src=\"http:\/\/landaola.eus\/wp-content\/uploads\/2026\/03\/emakumea-1024x548.jpeg\" alt=\"\" class=\"wp-image-1476\" srcset=\"https:\/\/landaola.eus\/wp-content\/uploads\/2026\/03\/emakumea-1024x548.jpeg 1024w, https:\/\/landaola.eus\/wp-content\/uploads\/2026\/03\/emakumea-300x161.jpeg 300w, https:\/\/landaola.eus\/wp-content\/uploads\/2026\/03\/emakumea-768x411.jpeg 768w, https:\/\/landaola.eus\/wp-content\/uploads\/2026\/03\/emakumea.jpeg 1067w\" sizes=\"(max-width: 1024px) 100vw, 1024px\" \/><\/figure>\n\n\n\n<p>Maitane Beristain Salegi es una mujer rural que vive y trabaja en el barrio de Lastur. En 2004 tom\u00f3 la decisi\u00f3n de vincularse a la supervivencia y dinamizaci\u00f3n del barrio de Lastur cuando se embarc\u00f3 en la gesti\u00f3n del albergue de Lastur. Desde entonces, d\u00eda a d\u00eda, se ha hecho cargo del bar y de la casa rural y ha mantenido una red de servicios situada en el coraz\u00f3n del barrio.<\/p>\n\n\n\n<p>Su trabajo no se limita a ofrecer un servicio de alojamiento: recibe visitantes, da a conocer la historia y el entorno del barrio, organiza visitas guiadas y talleres, y ayuda a mantener activos los espacios comunes y p\u00fablicos. Gracias a ello, Lastur no es s\u00f3lo un lugar de visita puntual, sino un espacio vivo donde se crean relaciones, tanto para los vecinos como para los que vienen de fuera. Y gracias a ello, el barrio mantiene la actividad econ\u00f3mica, la visibilidad y las perspectivas de futuro.<\/p>\n\n\n\n<p>Adem\u00e1s, en 2018, junto a la emprendedora Ainhoa Gallardo, cre\u00f3 una cooperativa formada por mujeres para hacer m\u00e1s compartida y sostenible la organizaci\u00f3n del trabajo. Y es que la realidad del campo es que las mujeres a menudo act\u00faan en soledad y con mucha carga de trabajo. Pero a trav\u00e9s de la cooperativa, en los servicios que ofrecen las socias, (alojamientos, restaurantes, recepciones) desarrollan actividades y experiencias en colaboraci\u00f3n, potenciando la comunidad y la econom\u00eda local.<\/p>\n\n\n\n<p>Maitane es un claro ejemplo de la influencia de las mujeres rurales en el equilibrio y la supervivencia de toda una comunidad.<\/p>\n\n\n\n<hr class=\"wp-block-separator has-alpha-channel-opacity\"\/>\n\n\n\n<p>Premio Landaola a toda una trayectoria: ALDABA ZAHAR ELKARTEA<\/p>\n\n\n\n<figure class=\"wp-block-image size-large\"><img loading=\"lazy\" decoding=\"async\" width=\"1024\" height=\"453\" src=\"http:\/\/landaola.eus\/wp-content\/uploads\/2026\/03\/Ibilbidea-1024x453.jpeg\" alt=\"\" class=\"wp-image-1478\" srcset=\"https:\/\/landaola.eus\/wp-content\/uploads\/2026\/03\/Ibilbidea-1024x453.jpeg 1024w, https:\/\/landaola.eus\/wp-content\/uploads\/2026\/03\/Ibilbidea-300x133.jpeg 300w, https:\/\/landaola.eus\/wp-content\/uploads\/2026\/03\/Ibilbidea-768x340.jpeg 768w, https:\/\/landaola.eus\/wp-content\/uploads\/2026\/03\/Ibilbidea.jpeg 1531w\" sizes=\"(max-width: 1024px) 100vw, 1024px\" \/><\/figure>\n\n\n\n<p>La explotaci\u00f3n Aldaba Zahar, liderada durante a\u00f1os por Xabier Almandoz, no se ha limitado a la producci\u00f3n pura, sino que ha combinado la viabilidad de una peque\u00f1a explotaci\u00f3n, la consolidaci\u00f3n de la cadena alimentaria local y la revalorizaci\u00f3n social del trabajo del agricultor. Por todo ello, ha sido un claro ejemplo de la agricultura progresista y comprometida en Tolosaldea.<\/p>\n\n\n\n<p>El proyecto de Aldaba Zahar comenz\u00f3 en una \u00e9poca en la que predominaba el modelo de intensificaci\u00f3n; pues, Aldaba Zahar puso en el centro un planteamiento a peque\u00f1a escala, cercana y vinculada al territorio. Se trataba de dar prioridad al mercado local y a la relaci\u00f3n directa, reforzando los v\u00ednculos directos entre consumidores y productores.<\/p>\n\n\n\n<p>La explotaci\u00f3n ha demostrado, adem\u00e1s, que la agricultura no es solo una acci\u00f3n econ\u00f3mica, sino tambi\u00e9n, social y pol\u00edtica. A lo largo de su recorrido ha reivindicado la supervivencia del medio rural, la soberan\u00eda alimentaria y el cuidado de la tierra. Estos enfoques influyeron directamente en los productores de la zona y en los debates en torno al modelo de consumo de Tolosa. Por ello, la Asociaci\u00f3n Aldaba Zahar ha sido pionera de muchos planteamientos que hoy est\u00e1n normalizados.<\/p>\n\n\n\n<p>El proyecto, adem\u00e1s, fue fruto de la iniciativa colectiva de j\u00f3venes que dieron un salto consciente de la ciudad al campo, rompiendo con el tradicional modelo de agricultura familiar. Desde el inicio tuvieron como valores centrales la agricultura y la ecolog\u00eda y un claro compromiso con el sector. Por eso han sido miembros activos de Biolur Elkartea, promotores del proyecto Manttangorri y, durante a\u00f1os, parte de la comisi\u00f3n de Tolomendi.&nbsp;<\/p>\n\n\n\n<hr class=\"wp-block-separator has-alpha-channel-opacity\"\/>\n\n\n\n<p>Proyectos nominados:&nbsp;<\/p>\n\n\n\n<p>Zubillaga hiltegia<\/p>\n\n\n\n<p>Basagune kontsumo Elkarte Ekologikoa<\/p>\n\n\n\n<p>Basoberri (Soraluze baserria, Zegama) Ana Mu\u00f1oa<\/p>\n\n\n\n<p>Soronea. Miriam Saldias eta Igone Saldias<\/p>\n\n\n\n<p>Luzaro-Errezilgo Azoka. Amaia Alberdi<\/p>\n\n\n\n<p>Entidad Local Menor de Igeldo<\/p>\n\n\n\n<p>Ayuntamiento de Leintz Gatzaga<\/p>\n\n\n\n<p>Itziarko Auzo Udala<\/p>\n\n\n\n<p>Mancomunidad Saiaz<\/p>\n\n\n\n<p>Ayuntamiento de Beizama<\/p>\n\n\n\n<hr class=\"wp-block-separator has-alpha-channel-opacity\"\/>\n\n\n\n<div class=\"wp-block-buttons is-layout-flex wp-block-buttons-is-layout-flex\">\n<div class=\"wp-block-button\"><a class=\"wp-block-button__link wp-element-button\" href=\"http:\/\/landaola.eus\/wp-content\/uploads\/2026\/03\/PREMIADOS-CASTok.pdf\" target=\"_blank\" rel=\"noreferrer noopener\">Dossier &#8211; IX. LANDAOLA SARIAK<\/a><\/div>\n<\/div>\n\n\n\n<div class=\"wp-block-buttons is-layout-flex wp-block-buttons-is-layout-flex\">\n<div class=\"wp-block-button\"><a class=\"wp-block-button__link wp-element-button\" href=\"https:\/\/www.youtube.com\/watch?v=paDhyYtTVPU\" target=\"_blank\" rel=\"noreferrer noopener\">Video del evento<\/a><\/div>\n<\/div>\n","protected":false},"excerpt":{"rendered":"<p>Un a\u00f1o m\u00e1s, queriendo reconocer los proyectos de desarrollo rural de Gipuzkoa, la Federaci\u00f3n Landaola ha organizado la IX. edici\u00f3n de Landaola Sariak. Y estos son los proyectos premiados:<\/p>\n","protected":false},"author":2,"featured_media":0,"comment_status":"closed","ping_status":"open","sticky":false,"template":"","format":"standard","meta":{"footnotes":""},"categories":[18],"tags":[],"yoast_head":"<!-- This site is optimized with the Yoast SEO plugin v21.5 - https:\/\/yoast.com\/wordpress\/plugins\/seo\/ -->\n<title>IX. Landaola Sariak - Landaola - Gipuzkoako Landa Garapen Elkarteen Federazioa<\/title>\n<meta name=\"robots\" content=\"index, follow, max-snippet:-1, max-image-preview:large, max-video-preview:-1\" \/>\n<link rel=\"canonical\" href=\"https:\/\/landaola.eus\/es\/ix-landaola-sariak\/\" \/>\n<meta property=\"og:locale\" content=\"es_ES\" \/>\n<meta property=\"og:type\" content=\"article\" \/>\n<meta property=\"og:title\" content=\"IX. Landaola Sariak - Landaola - Gipuzkoako Landa Garapen Elkarteen Federazioa\" \/>\n<meta property=\"og:description\" content=\"Un a\u00f1o m\u00e1s, queriendo reconocer los proyectos de desarrollo rural de Gipuzkoa, la Federaci\u00f3n Landaola ha organizado la IX. edici\u00f3n de Landaola Sariak. Y estos son los proyectos premiados:\" \/>\n<meta property=\"og:url\" content=\"https:\/\/landaola.eus\/es\/ix-landaola-sariak\/\" \/>\n<meta property=\"og:site_name\" content=\"Landaola - Gipuzkoako Landa Garapen Elkarteen Federazioa\" \/>\n<meta property=\"article:publisher\" content=\"https:\/\/www.facebook.com\/Landaola-1306311309416102\" \/>\n<meta property=\"article:published_time\" content=\"2026-03-06T15:12:34+00:00\" \/>\n<meta property=\"article:modified_time\" content=\"2026-03-18T10:10:53+00:00\" \/>\n<meta property=\"og:image\" content=\"http:\/\/landaola.eus\/wp-content\/uploads\/2026\/03\/pribatua-1024x768.jpeg\" \/>\n<meta name=\"author\" content=\"Landaola\" \/>\n<meta name=\"twitter:card\" content=\"summary_large_image\" \/>\n<meta name=\"twitter:creator\" content=\"@Landaola_\" \/>\n<meta name=\"twitter:site\" content=\"@Landaola_\" \/>\n<meta name=\"twitter:label1\" content=\"Escrito por\" \/>\n\t<meta name=\"twitter:data1\" content=\"Landaola\" \/>\n\t<meta name=\"twitter:label2\" content=\"Tiempo de lectura\" \/>\n\t<meta name=\"twitter:data2\" content=\"7 minutos\" \/>\n<script type=\"application\/ld+json\" class=\"yoast-schema-graph\">{\"@context\":\"https:\/\/schema.org\",\"@graph\":[{\"@type\":\"Article\",\"@id\":\"https:\/\/landaola.eus\/es\/ix-landaola-sariak\/#article\",\"isPartOf\":{\"@id\":\"https:\/\/landaola.eus\/es\/ix-landaola-sariak\/\"},\"author\":{\"name\":\"Landaola\",\"@id\":\"https:\/\/landaola.eus\/#\/schema\/person\/0fe497fa545571dbb4523fad469477c8\"},\"headline\":\"IX. Landaola Sariak\",\"datePublished\":\"2026-03-06T15:12:34+00:00\",\"dateModified\":\"2026-03-18T10:10:53+00:00\",\"mainEntityOfPage\":{\"@id\":\"https:\/\/landaola.eus\/es\/ix-landaola-sariak\/\"},\"wordCount\":1235,\"publisher\":{\"@id\":\"https:\/\/landaola.eus\/#organization\"},\"articleSection\":[\"Premios landaola\"],\"inLanguage\":\"es\"},{\"@type\":\"WebPage\",\"@id\":\"https:\/\/landaola.eus\/es\/ix-landaola-sariak\/\",\"url\":\"https:\/\/landaola.eus\/es\/ix-landaola-sariak\/\",\"name\":\"IX. Landaola Sariak - Landaola - Gipuzkoako Landa Garapen Elkarteen Federazioa\",\"isPartOf\":{\"@id\":\"https:\/\/landaola.eus\/#website\"},\"datePublished\":\"2026-03-06T15:12:34+00:00\",\"dateModified\":\"2026-03-18T10:10:53+00:00\",\"breadcrumb\":{\"@id\":\"https:\/\/landaola.eus\/es\/ix-landaola-sariak\/#breadcrumb\"},\"inLanguage\":\"es\",\"potentialAction\":[{\"@type\":\"ReadAction\",\"target\":[\"https:\/\/landaola.eus\/es\/ix-landaola-sariak\/\"]}]},{\"@type\":\"BreadcrumbList\",\"@id\":\"https:\/\/landaola.eus\/es\/ix-landaola-sariak\/#breadcrumb\",\"itemListElement\":[{\"@type\":\"ListItem\",\"position\":1,\"name\":\"Home\",\"item\":\"https:\/\/landaola.eus\/es\/\"},{\"@type\":\"ListItem\",\"position\":2,\"name\":\"IX. Landaola Sariak\"}]},{\"@type\":\"WebSite\",\"@id\":\"https:\/\/landaola.eus\/#website\",\"url\":\"https:\/\/landaola.eus\/\",\"name\":\"Landaola - Gipuzkoako Landa Garapen Elkarteen Federazioa\",\"description\":\"Gipuzkoako Landa Garapen Elkarteen Federazioa\",\"publisher\":{\"@id\":\"https:\/\/landaola.eus\/#organization\"},\"potentialAction\":[{\"@type\":\"SearchAction\",\"target\":{\"@type\":\"EntryPoint\",\"urlTemplate\":\"https:\/\/landaola.eus\/?s={search_term_string}\"},\"query-input\":\"required name=search_term_string\"}],\"inLanguage\":\"es\"},{\"@type\":\"Organization\",\"@id\":\"https:\/\/landaola.eus\/#organization\",\"name\":\"LANDAOLA\",\"alternateName\":\"Gipuzkoako landa garapen elkarteen federazioa\",\"url\":\"https:\/\/landaola.eus\/\",\"logo\":{\"@type\":\"ImageObject\",\"inLanguage\":\"es\",\"@id\":\"https:\/\/landaola.eus\/#\/schema\/logo\/image\/\",\"url\":\"https:\/\/landaola.eus\/wp-content\/uploads\/2022\/11\/landaola.svg\",\"contentUrl\":\"https:\/\/landaola.eus\/wp-content\/uploads\/2022\/11\/landaola.svg\",\"width\":1,\"height\":1,\"caption\":\"LANDAOLA\"},\"image\":{\"@id\":\"https:\/\/landaola.eus\/#\/schema\/logo\/image\/\"},\"sameAs\":[\"https:\/\/www.facebook.com\/Landaola-1306311309416102\",\"https:\/\/twitter.com\/Landaola_\",\"https:\/\/www.youtube.com\/channel\/UCmr3BnLvYWU86tkM-rHfXGg\",\"https:\/\/www.instagram.com\/landaola_\/?igshid=YmMyMTA2M2Y\"]},{\"@type\":\"Person\",\"@id\":\"https:\/\/landaola.eus\/#\/schema\/person\/0fe497fa545571dbb4523fad469477c8\",\"name\":\"Landaola\",\"image\":{\"@type\":\"ImageObject\",\"inLanguage\":\"es\",\"@id\":\"https:\/\/landaola.eus\/#\/schema\/person\/image\/\",\"url\":\"https:\/\/secure.gravatar.com\/avatar\/f39a2988c7efdb2e64a0bd3259fec3fc?s=96&d=mm&r=g\",\"contentUrl\":\"https:\/\/secure.gravatar.com\/avatar\/f39a2988c7efdb2e64a0bd3259fec3fc?s=96&d=mm&r=g\",\"caption\":\"Landaola\"},\"url\":\"https:\/\/landaola.eus\/es\/author\/landaolalandaola-eus\/\"}]}<\/script>\n<!-- \/ Yoast SEO plugin. -->","yoast_head_json":{"title":"IX. Landaola Sariak - Landaola - Gipuzkoako Landa Garapen Elkarteen Federazioa","robots":{"index":"index","follow":"follow","max-snippet":"max-snippet:-1","max-image-preview":"max-image-preview:large","max-video-preview":"max-video-preview:-1"},"canonical":"https:\/\/landaola.eus\/es\/ix-landaola-sariak\/","og_locale":"es_ES","og_type":"article","og_title":"IX. Landaola Sariak - Landaola - Gipuzkoako Landa Garapen Elkarteen Federazioa","og_description":"Un a\u00f1o m\u00e1s, queriendo reconocer los proyectos de desarrollo rural de Gipuzkoa, la Federaci\u00f3n Landaola ha organizado la IX. edici\u00f3n de Landaola Sariak. Y estos son los proyectos premiados:","og_url":"https:\/\/landaola.eus\/es\/ix-landaola-sariak\/","og_site_name":"Landaola - Gipuzkoako Landa Garapen Elkarteen Federazioa","article_publisher":"https:\/\/www.facebook.com\/Landaola-1306311309416102","article_published_time":"2026-03-06T15:12:34+00:00","article_modified_time":"2026-03-18T10:10:53+00:00","og_image":[{"url":"http:\/\/landaola.eus\/wp-content\/uploads\/2026\/03\/pribatua-1024x768.jpeg"}],"author":"Landaola","twitter_card":"summary_large_image","twitter_creator":"@Landaola_","twitter_site":"@Landaola_","twitter_misc":{"Escrito por":"Landaola","Tiempo de lectura":"7 minutos"},"schema":{"@context":"https:\/\/schema.org","@graph":[{"@type":"Article","@id":"https:\/\/landaola.eus\/es\/ix-landaola-sariak\/#article","isPartOf":{"@id":"https:\/\/landaola.eus\/es\/ix-landaola-sariak\/"},"author":{"name":"Landaola","@id":"https:\/\/landaola.eus\/#\/schema\/person\/0fe497fa545571dbb4523fad469477c8"},"headline":"IX. Landaola Sariak","datePublished":"2026-03-06T15:12:34+00:00","dateModified":"2026-03-18T10:10:53+00:00","mainEntityOfPage":{"@id":"https:\/\/landaola.eus\/es\/ix-landaola-sariak\/"},"wordCount":1235,"publisher":{"@id":"https:\/\/landaola.eus\/#organization"},"articleSection":["Premios landaola"],"inLanguage":"es"},{"@type":"WebPage","@id":"https:\/\/landaola.eus\/es\/ix-landaola-sariak\/","url":"https:\/\/landaola.eus\/es\/ix-landaola-sariak\/","name":"IX. Landaola Sariak - Landaola - Gipuzkoako Landa Garapen Elkarteen Federazioa","isPartOf":{"@id":"https:\/\/landaola.eus\/#website"},"datePublished":"2026-03-06T15:12:34+00:00","dateModified":"2026-03-18T10:10:53+00:00","breadcrumb":{"@id":"https:\/\/landaola.eus\/es\/ix-landaola-sariak\/#breadcrumb"},"inLanguage":"es","potentialAction":[{"@type":"ReadAction","target":["https:\/\/landaola.eus\/es\/ix-landaola-sariak\/"]}]},{"@type":"BreadcrumbList","@id":"https:\/\/landaola.eus\/es\/ix-landaola-sariak\/#breadcrumb","itemListElement":[{"@type":"ListItem","position":1,"name":"Home","item":"https:\/\/landaola.eus\/es\/"},{"@type":"ListItem","position":2,"name":"IX. Landaola Sariak"}]},{"@type":"WebSite","@id":"https:\/\/landaola.eus\/#website","url":"https:\/\/landaola.eus\/","name":"Landaola - Gipuzkoako Landa Garapen Elkarteen Federazioa","description":"Gipuzkoako Landa Garapen Elkarteen Federazioa","publisher":{"@id":"https:\/\/landaola.eus\/#organization"},"potentialAction":[{"@type":"SearchAction","target":{"@type":"EntryPoint","urlTemplate":"https:\/\/landaola.eus\/?s={search_term_string}"},"query-input":"required name=search_term_string"}],"inLanguage":"es"},{"@type":"Organization","@id":"https:\/\/landaola.eus\/#organization","name":"LANDAOLA","alternateName":"Gipuzkoako landa garapen elkarteen federazioa","url":"https:\/\/landaola.eus\/","logo":{"@type":"ImageObject","inLanguage":"es","@id":"https:\/\/landaola.eus\/#\/schema\/logo\/image\/","url":"https:\/\/landaola.eus\/wp-content\/uploads\/2022\/11\/landaola.svg","contentUrl":"https:\/\/landaola.eus\/wp-content\/uploads\/2022\/11\/landaola.svg","width":1,"height":1,"caption":"LANDAOLA"},"image":{"@id":"https:\/\/landaola.eus\/#\/schema\/logo\/image\/"},"sameAs":["https:\/\/www.facebook.com\/Landaola-1306311309416102","https:\/\/twitter.com\/Landaola_","https:\/\/www.youtube.com\/channel\/UCmr3BnLvYWU86tkM-rHfXGg","https:\/\/www.instagram.com\/landaola_\/?igshid=YmMyMTA2M2Y"]},{"@type":"Person","@id":"https:\/\/landaola.eus\/#\/schema\/person\/0fe497fa545571dbb4523fad469477c8","name":"Landaola","image":{"@type":"ImageObject","inLanguage":"es","@id":"https:\/\/landaola.eus\/#\/schema\/person\/image\/","url":"https:\/\/secure.gravatar.com\/avatar\/f39a2988c7efdb2e64a0bd3259fec3fc?s=96&d=mm&r=g","contentUrl":"https:\/\/secure.gravatar.com\/avatar\/f39a2988c7efdb2e64a0bd3259fec3fc?s=96&d=mm&r=g","caption":"Landaola"},"url":"https:\/\/landaola.eus\/es\/author\/landaolalandaola-eus\/"}]}},"_links":{"self":[{"href":"https:\/\/landaola.eus\/es\/wp-json\/wp\/v2\/posts\/1487"}],"collection":[{"href":"https:\/\/landaola.eus\/es\/wp-json\/wp\/v2\/posts"}],"about":[{"href":"https:\/\/landaola.eus\/es\/wp-json\/wp\/v2\/types\/post"}],"author":[{"embeddable":true,"href":"https:\/\/landaola.eus\/es\/wp-json\/wp\/v2\/users\/2"}],"replies":[{"embeddable":true,"href":"https:\/\/landaola.eus\/es\/wp-json\/wp\/v2\/comments?post=1487"}],"version-history":[{"count":3,"href":"https:\/\/landaola.eus\/es\/wp-json\/wp\/v2\/posts\/1487\/revisions"}],"predecessor-version":[{"id":1492,"href":"https:\/\/landaola.eus\/es\/wp-json\/wp\/v2\/posts\/1487\/revisions\/1492"}],"wp:attachment":[{"href":"https:\/\/landaola.eus\/es\/wp-json\/wp\/v2\/media?parent=1487"}],"wp:term":[{"taxonomy":"category","embeddable":true,"href":"https:\/\/landaola.eus\/es\/wp-json\/wp\/v2\/categories?post=1487"},{"taxonomy":"post_tag","embeddable":true,"href":"https:\/\/landaola.eus\/es\/wp-json\/wp\/v2\/tags?post=1487"}],"curies":[{"name":"wp","href":"https:\/\/api.w.org\/{rel}","templated":true}]}}