{"id":1247,"date":"2025-03-17T10:20:16","date_gmt":"2025-03-17T09:20:16","guid":{"rendered":"https:\/\/landaola.eus\/?p=1247"},"modified":"2026-01-19T10:03:36","modified_gmt":"2026-01-19T09:03:36","slug":"viii-landaola-sariak","status":"publish","type":"post","link":"https:\/\/landaola.eus\/es\/viii-landaola-sariak\/","title":{"rendered":"VIII. Landaola Sariak"},"content":{"rendered":"\n<p>Un a\u00f1o m\u00e1s, queriendo reconocer los proyectos de desarrollo rural de Gipuzkoa, la Federaci\u00f3n Landaola ha organizado la VII. edici\u00f3n de Landaola Sariak. Y estos son los proyectos premiados:<\/p>\n\n\n\n<!--more-->\n\n\n\n<p>Premiado en el apartado de entidades privadas: ERRASTIKO ESKOLA<\/p>\n\n\n\n<figure class=\"wp-block-image size-full\"><img loading=\"lazy\" decoding=\"async\" width=\"923\" height=\"921\" src=\"http:\/\/landaola.eus\/wp-content\/uploads\/2025\/03\/ERRASTIKO-ESKOLA1.jpg\" alt=\"\" class=\"wp-image-1231\" srcset=\"https:\/\/landaola.eus\/wp-content\/uploads\/2025\/03\/ERRASTIKO-ESKOLA1.jpg 923w, https:\/\/landaola.eus\/wp-content\/uploads\/2025\/03\/ERRASTIKO-ESKOLA1-300x300.jpg 300w, https:\/\/landaola.eus\/wp-content\/uploads\/2025\/03\/ERRASTIKO-ESKOLA1-150x150.jpg 150w, https:\/\/landaola.eus\/wp-content\/uploads\/2025\/03\/ERRASTIKO-ESKOLA1-768x766.jpg 768w\" sizes=\"(max-width: 923px) 100vw, 923px\" \/><\/figure>\n\n\n\n<p>La Escuela de Errasti est\u00e1 situada en el barrio de Bedo\u00f1a de Arrasate. Se trata de un proyecto educativo cuyo objetivo es conocer y promover el sector primario y el medio rural. Los alumnos trabajan de forma pr\u00e1ctica la sostenibilidad y la biodiversidad, y uno de los ejes del proyecto es la panader\u00eda de Errasti.<\/p>\n\n\n\n<p>Ofrece tres actividades principales:<\/p>\n\n\n\n<p>1. Visitas guiadas donde los alumnos experimentan la panader\u00eda, el huerto y la naturaleza.<\/p>\n\n\n\n<p>2. Unidades did\u00e1cticas multidisciplinares para trabajar el caser\u00edo, Bedo\u00f1a y la panader\u00eda.<\/p>\n\n\n\n<p>3. Talleres de cocina saludables con productos locales y de temporada.<\/p>\n\n\n\n<hr class=\"wp-block-separator has-alpha-channel-opacity\"\/>\n\n\n\n<p>Premiado en el apartado de entidades p\u00fablicas: ARROBI: combinando los usos tradicionales con la conservaci\u00f3n del patrimonio natural<\/p>\n\n\n\n<figure class=\"wp-block-image size-large\"><img loading=\"lazy\" decoding=\"async\" width=\"1024\" height=\"576\" src=\"http:\/\/landaola.eus\/wp-content\/uploads\/2025\/03\/DJI_0601.00_00_01_22.Imagen-fija001-1024x576.jpg\" alt=\"\" class=\"wp-image-1235\" srcset=\"https:\/\/landaola.eus\/wp-content\/uploads\/2025\/03\/DJI_0601.00_00_01_22.Imagen-fija001-1024x576.jpg 1024w, https:\/\/landaola.eus\/wp-content\/uploads\/2025\/03\/DJI_0601.00_00_01_22.Imagen-fija001-300x169.jpg 300w, https:\/\/landaola.eus\/wp-content\/uploads\/2025\/03\/DJI_0601.00_00_01_22.Imagen-fija001-768x432.jpg 768w, https:\/\/landaola.eus\/wp-content\/uploads\/2025\/03\/DJI_0601.00_00_01_22.Imagen-fija001-1536x864.jpg 1536w, https:\/\/landaola.eus\/wp-content\/uploads\/2025\/03\/DJI_0601.00_00_01_22.Imagen-fija001-2048x1152.jpg 2048w\" sizes=\"(max-width: 1024px) 100vw, 1024px\" \/><\/figure>\n\n\n\n<p>El Ayuntamiento de Legazpi ha puesto en marcha un proyecto para recuperar los terrenos del monte Arrobi, en colaboraci\u00f3n con diferentes agentes. El objetivo es proteger los h\u00e1bitats y compatibilizarlos con la ganader\u00eda tradicional, buscando el equilibrio entre la naturaleza y las actividades rurales. Para ello, las principales l\u00edneas de trabajo son el aumento de la superficie de los marojales, la mejora de los pastos y bosques, la protecci\u00f3n de especies amenazadas y la recuperaci\u00f3n de turberas. La iniciativa se basa en el consenso y la colaboraci\u00f3n, pretende aunar la ganader\u00eda y la conservaci\u00f3n del medio ambiente y servir de ejemplo para futuros espacios de protecci\u00f3n.<\/p>\n\n\n\n<hr class=\"wp-block-separator has-alpha-channel-opacity\"\/>\n\n\n\n<p>Premio Landaola a las mujeres en el medio rural: JOSEBE LIZEAGA<\/p>\n\n\n\n<figure class=\"wp-block-image size-large\"><img loading=\"lazy\" decoding=\"async\" width=\"1024\" height=\"464\" src=\"http:\/\/landaola.eus\/wp-content\/uploads\/2025\/03\/Captura-de-pantalla-2025-03-14-a-las-14.45.42-1024x464.png\" alt=\"\" class=\"wp-image-1237\" srcset=\"https:\/\/landaola.eus\/wp-content\/uploads\/2025\/03\/Captura-de-pantalla-2025-03-14-a-las-14.45.42-1024x464.png 1024w, https:\/\/landaola.eus\/wp-content\/uploads\/2025\/03\/Captura-de-pantalla-2025-03-14-a-las-14.45.42-300x136.png 300w, https:\/\/landaola.eus\/wp-content\/uploads\/2025\/03\/Captura-de-pantalla-2025-03-14-a-las-14.45.42-768x348.png 768w, https:\/\/landaola.eus\/wp-content\/uploads\/2025\/03\/Captura-de-pantalla-2025-03-14-a-las-14.45.42-1536x696.png 1536w, https:\/\/landaola.eus\/wp-content\/uploads\/2025\/03\/Captura-de-pantalla-2025-03-14-a-las-14.45.42.png 1870w\" sizes=\"(max-width: 1024px) 100vw, 1024px\" \/><\/figure>\n\n\n\n<p>Josebe Lizeaga naci\u00f3 en el caser\u00edo Gartziategi de Astigarraga y su trayectoria siempre ha estado ligada al sector primario y a la solidaridad de los baserritarras. Desde joven ha participado en diferentes asociaciones con el objetivo de fomentar la profesionalizaci\u00f3n y la colaboraci\u00f3n de los y las baserritarras. Comenz\u00f3 su andadura profesional en la sociedad GIFE, realizando mediciones de leche en los caser\u00edos y recogiendo datos. En ese trabajo de campo, vio la necesidad de crear la asociaci\u00f3n \u201cBaserriko Esnea\u201d en Gipuzkoa, y comenz\u00f3 a trabajar por iniciativa propia para potenciar la venta directa.<\/p>\n\n\n\n<p>M\u00e1s adelante, con el objetivo de compaginar el control l\u00e1cteo con diversos servicios en los caser\u00edos, se cre\u00f3 la empresa GIABEKO, en la que se convirti\u00f3 socia y trabajadora. Gracias a su labor, se introdujeron mejoras en la actividad diaria de muchas baserritarras y se dieron avances importantes en la profesionalizaci\u00f3n del sector.<\/p>\n\n\n\n<p>En sus relaciones yendo de caser\u00edo en caser\u00edo, evidenci\u00f3 la falta de visibilidad de las mujeres en el sector primario y como respuesta a este problema, cre\u00f3 la \u201cAsociaci\u00f3n de Mujeres del Caser\u00edo\u201d (EBEL), con el objetivo de fortalecer la red y fomentar el empoderamiento de las mujeres baserritarras.<\/p>\n\n\n\n<p>En sus m\u00e1s de cuarenta a\u00f1os de andadura, Josebe Lizeaga ha fomentado la solidaridad de las baserritarras, la profesionalizaci\u00f3n y el protagonismo de las mujeres. Adem\u00e1s de su trabajo como trabajador de GIFE y GIABEKO, ha desarrollado nuevas v\u00edas en el sector e impulsado diversas iniciativas para reforzar la colaboraci\u00f3n. Prueba de ello son proyectos como \u201cBaserriko Esnea\u201d y \u201cBaserriko Emakumeen Elkartea\u201d, que se han convertido en importantes aportaciones para fortalecer el futuro de las baserritarras.<\/p>\n\n\n\n<hr class=\"wp-block-separator has-alpha-channel-opacity\"\/>\n\n\n\n<p>Premio Landaola a toda una trayectoria: MANUEL ODRIA<\/p>\n\n\n\n<figure class=\"wp-block-image size-full\"><img loading=\"lazy\" decoding=\"async\" width=\"203\" height=\"305\" src=\"http:\/\/landaola.eus\/wp-content\/uploads\/2025\/03\/Captura-de-pantalla-2025-02-04-a-las-12.25.10.png\" alt=\"\" class=\"wp-image-1239\" srcset=\"https:\/\/landaola.eus\/wp-content\/uploads\/2025\/03\/Captura-de-pantalla-2025-02-04-a-las-12.25.10.png 203w, https:\/\/landaola.eus\/wp-content\/uploads\/2025\/03\/Captura-de-pantalla-2025-02-04-a-las-12.25.10-200x300.png 200w\" sizes=\"(max-width: 203px) 100vw, 203px\" \/><\/figure>\n\n\n\n<p>Manuel Odria Ibarguren naci\u00f3 en 1943 en el caser\u00edo Odria del barrio Odria de Azpeitia, en el seno de una familia de seis hermanos. Recibi\u00f3 la educaci\u00f3n primaria en los maristas, y con 12 a\u00f1os fue al seminario de<\/p>\n\n\n\n<p>Hondarribia. Sin embargo, como ser fraile no era su vocaci\u00f3n, volvi\u00f3 al caser\u00edo, ya que la familia le necesitaba.<\/p>\n\n\n\n<p>En su trayectoria profesional cabe destacar que particip\u00f3 en la creaci\u00f3n de los sindicatos EHNE (1977) y ENBA (1991). Fue concejal en el Ayuntamiento de Azpeitia en temas rurales, y en 1987 uno de los socios constituyentes cuando Urkome se constituy\u00f3 como centro piloto de la Agricultura de Monta\u00f1a de Gipuzkoa. Asimismo, tambi\u00e9n particip\u00f3 en la primera Junta Directiva.<\/p>\n\n\n\n<p>Durante a\u00f1os trabaj\u00f3 en la junta directiva de Urkome, de la que fue gerente desde 1992 hasta 2008. A trav\u00e9s de su trabajo colabor\u00f3 en la mejora de caminos rurales y en la gesti\u00f3n de infraestructuras. Adem\u00e1s, tuvo la oportunidad de conocer experiencias internacionales viajando a pa\u00edses como Francia, Inglaterra, Escocia, Canad\u00e1 e Israel. El conocimiento adquirido en estos viajes lo aplic\u00f3 al desarrollo rural de Gipuzkoa, con importantes aportaciones a la promoci\u00f3n agropecuaria.<\/p>\n\n\n\n<hr class=\"wp-block-separator has-alpha-channel-opacity\"\/>\n\n\n\n<p>Proyectos nominados:&nbsp;<\/p>\n\n\n\n<p>HENASE, Asociaci\u00f3n para la Promoci\u00f3n de Agricultores y Ganaderos de Hernani.<\/p>\n\n\n\n<p>Obrador Goxart.<\/p>\n\n\n\n<p>ERRO, ruta del queso.<\/p>\n\n\n\n<p>Caser\u00edo Argaia Goena.<\/p>\n\n\n\n<p>Amalda Biobot\u00e1nica.<\/p>\n\n\n\n<p>Ayuntamiento de Oiartzun: Servicio de sustituci\u00f3n para caser\u00edos.<\/p>\n\n\n\n<p>Ayuntamiento de O\u00f1ati: mapa interactivo que recoge la toponimia de O\u00f1ati y posibilita realizar aportaciones.&nbsp;<\/p>\n\n\n\n<p>Ayuntamiento de Eibar: Basarrixa Hurretik.<\/p>\n\n\n\n<p>Ayuntamiento de Berastegi: Be! Artzain kultura.<\/p>\n\n\n\n<p>Ayuntamiento de Azkoitia: Reforma de la Plaza Verdura de Azkoitia.<\/p>\n\n\n\n<hr class=\"wp-block-separator has-alpha-channel-opacity\"\/>\n\n\n\n<div class=\"wp-block-buttons is-layout-flex wp-block-buttons-is-layout-flex\">\n<div class=\"wp-block-button\"><a class=\"wp-block-button__link wp-element-button\" href=\"http:\/\/landaola.eus\/wp-content\/uploads\/2025\/03\/LANDAOLA-SARIAK-2025-PREMIADOS-CAST-ok.pdf\" target=\"_blank\" rel=\"noreferrer noopener\">Dossier &#8211; VIII. Landaola Sariak<\/a><\/div>\n<\/div>\n\n\n\n<div class=\"wp-block-buttons is-layout-flex wp-block-buttons-is-layout-flex\">\n<div class=\"wp-block-button\"><a class=\"wp-block-button__link wp-element-button\" href=\"https:\/\/www.youtube.com\/watch?v=Tt8GHgl2ogo&amp;t=2909s\" target=\"_blank\" rel=\"noreferrer noopener\">Video del evento<\/a><\/div>\n<\/div>\n","protected":false},"excerpt":{"rendered":"<p>Un a\u00f1o m\u00e1s, queriendo reconocer los proyectos de desarrollo rural de Gipuzkoa, la Federaci\u00f3n Landaola ha organizado la VII. edici\u00f3n de Landaola Sariak. Y estos son los proyectos premiados:<\/p>\n","protected":false},"author":2,"featured_media":0,"comment_status":"closed","ping_status":"closed","sticky":false,"template":"","format":"standard","meta":{"footnotes":""},"categories":[18],"tags":[],"yoast_head":"<!-- This site is optimized with the Yoast SEO plugin v21.5 - https:\/\/yoast.com\/wordpress\/plugins\/seo\/ -->\n<title>VIII. Landaola Sariak - Landaola - Gipuzkoako Landa Garapen Elkarteen Federazioa<\/title>\n<meta name=\"robots\" content=\"index, follow, max-snippet:-1, max-image-preview:large, max-video-preview:-1\" \/>\n<link rel=\"canonical\" href=\"https:\/\/landaola.eus\/es\/viii-landaola-sariak\/\" \/>\n<meta property=\"og:locale\" content=\"es_ES\" \/>\n<meta property=\"og:type\" content=\"article\" \/>\n<meta property=\"og:title\" content=\"VIII. Landaola Sariak - Landaola - Gipuzkoako Landa Garapen Elkarteen Federazioa\" \/>\n<meta property=\"og:description\" content=\"Un a\u00f1o m\u00e1s, queriendo reconocer los proyectos de desarrollo rural de Gipuzkoa, la Federaci\u00f3n Landaola ha organizado la VII. edici\u00f3n de Landaola Sariak. Y estos son los proyectos premiados:\" \/>\n<meta property=\"og:url\" content=\"https:\/\/landaola.eus\/es\/viii-landaola-sariak\/\" \/>\n<meta property=\"og:site_name\" content=\"Landaola - Gipuzkoako Landa Garapen Elkarteen Federazioa\" \/>\n<meta property=\"article:publisher\" content=\"https:\/\/www.facebook.com\/Landaola-1306311309416102\" \/>\n<meta property=\"article:published_time\" content=\"2025-03-17T09:20:16+00:00\" \/>\n<meta property=\"article:modified_time\" content=\"2026-01-19T09:03:36+00:00\" \/>\n<meta property=\"og:image\" content=\"http:\/\/landaola.eus\/wp-content\/uploads\/2025\/03\/ERRASTIKO-ESKOLA1.jpg\" \/>\n<meta name=\"author\" content=\"Landaola\" \/>\n<meta name=\"twitter:card\" content=\"summary_large_image\" \/>\n<meta name=\"twitter:creator\" content=\"@Landaola_\" \/>\n<meta name=\"twitter:site\" content=\"@Landaola_\" \/>\n<meta name=\"twitter:label1\" content=\"Escrito por\" \/>\n\t<meta name=\"twitter:data1\" content=\"Landaola\" \/>\n\t<meta name=\"twitter:label2\" content=\"Tiempo de lectura\" \/>\n\t<meta name=\"twitter:data2\" content=\"5 minutos\" \/>\n<script type=\"application\/ld+json\" class=\"yoast-schema-graph\">{\"@context\":\"https:\/\/schema.org\",\"@graph\":[{\"@type\":\"Article\",\"@id\":\"https:\/\/landaola.eus\/es\/viii-landaola-sariak\/#article\",\"isPartOf\":{\"@id\":\"https:\/\/landaola.eus\/es\/viii-landaola-sariak\/\"},\"author\":{\"name\":\"Landaola\",\"@id\":\"https:\/\/landaola.eus\/#\/schema\/person\/0fe497fa545571dbb4523fad469477c8\"},\"headline\":\"VIII. Landaola Sariak\",\"datePublished\":\"2025-03-17T09:20:16+00:00\",\"dateModified\":\"2026-01-19T09:03:36+00:00\",\"mainEntityOfPage\":{\"@id\":\"https:\/\/landaola.eus\/es\/viii-landaola-sariak\/\"},\"wordCount\":876,\"publisher\":{\"@id\":\"https:\/\/landaola.eus\/#organization\"},\"articleSection\":[\"Premios landaola\"],\"inLanguage\":\"es\"},{\"@type\":\"WebPage\",\"@id\":\"https:\/\/landaola.eus\/es\/viii-landaola-sariak\/\",\"url\":\"https:\/\/landaola.eus\/es\/viii-landaola-sariak\/\",\"name\":\"VIII. Landaola Sariak - Landaola - Gipuzkoako Landa Garapen Elkarteen Federazioa\",\"isPartOf\":{\"@id\":\"https:\/\/landaola.eus\/#website\"},\"datePublished\":\"2025-03-17T09:20:16+00:00\",\"dateModified\":\"2026-01-19T09:03:36+00:00\",\"breadcrumb\":{\"@id\":\"https:\/\/landaola.eus\/es\/viii-landaola-sariak\/#breadcrumb\"},\"inLanguage\":\"es\",\"potentialAction\":[{\"@type\":\"ReadAction\",\"target\":[\"https:\/\/landaola.eus\/es\/viii-landaola-sariak\/\"]}]},{\"@type\":\"BreadcrumbList\",\"@id\":\"https:\/\/landaola.eus\/es\/viii-landaola-sariak\/#breadcrumb\",\"itemListElement\":[{\"@type\":\"ListItem\",\"position\":1,\"name\":\"Home\",\"item\":\"https:\/\/landaola.eus\/es\/\"},{\"@type\":\"ListItem\",\"position\":2,\"name\":\"VIII. Landaola Sariak\"}]},{\"@type\":\"WebSite\",\"@id\":\"https:\/\/landaola.eus\/#website\",\"url\":\"https:\/\/landaola.eus\/\",\"name\":\"Landaola - Gipuzkoako Landa Garapen Elkarteen Federazioa\",\"description\":\"Gipuzkoako Landa Garapen Elkarteen Federazioa\",\"publisher\":{\"@id\":\"https:\/\/landaola.eus\/#organization\"},\"potentialAction\":[{\"@type\":\"SearchAction\",\"target\":{\"@type\":\"EntryPoint\",\"urlTemplate\":\"https:\/\/landaola.eus\/?s={search_term_string}\"},\"query-input\":\"required name=search_term_string\"}],\"inLanguage\":\"es\"},{\"@type\":\"Organization\",\"@id\":\"https:\/\/landaola.eus\/#organization\",\"name\":\"LANDAOLA\",\"alternateName\":\"Gipuzkoako landa garapen elkarteen federazioa\",\"url\":\"https:\/\/landaola.eus\/\",\"logo\":{\"@type\":\"ImageObject\",\"inLanguage\":\"es\",\"@id\":\"https:\/\/landaola.eus\/#\/schema\/logo\/image\/\",\"url\":\"https:\/\/landaola.eus\/wp-content\/uploads\/2022\/11\/landaola.svg\",\"contentUrl\":\"https:\/\/landaola.eus\/wp-content\/uploads\/2022\/11\/landaola.svg\",\"width\":1,\"height\":1,\"caption\":\"LANDAOLA\"},\"image\":{\"@id\":\"https:\/\/landaola.eus\/#\/schema\/logo\/image\/\"},\"sameAs\":[\"https:\/\/www.facebook.com\/Landaola-1306311309416102\",\"https:\/\/twitter.com\/Landaola_\",\"https:\/\/www.youtube.com\/channel\/UCmr3BnLvYWU86tkM-rHfXGg\",\"https:\/\/www.instagram.com\/landaola_\/?igshid=YmMyMTA2M2Y\"]},{\"@type\":\"Person\",\"@id\":\"https:\/\/landaola.eus\/#\/schema\/person\/0fe497fa545571dbb4523fad469477c8\",\"name\":\"Landaola\",\"image\":{\"@type\":\"ImageObject\",\"inLanguage\":\"es\",\"@id\":\"https:\/\/landaola.eus\/#\/schema\/person\/image\/\",\"url\":\"https:\/\/secure.gravatar.com\/avatar\/f39a2988c7efdb2e64a0bd3259fec3fc?s=96&d=mm&r=g\",\"contentUrl\":\"https:\/\/secure.gravatar.com\/avatar\/f39a2988c7efdb2e64a0bd3259fec3fc?s=96&d=mm&r=g\",\"caption\":\"Landaola\"},\"url\":\"https:\/\/landaola.eus\/es\/author\/landaolalandaola-eus\/\"}]}<\/script>\n<!-- \/ Yoast SEO plugin. -->","yoast_head_json":{"title":"VIII. Landaola Sariak - Landaola - Gipuzkoako Landa Garapen Elkarteen Federazioa","robots":{"index":"index","follow":"follow","max-snippet":"max-snippet:-1","max-image-preview":"max-image-preview:large","max-video-preview":"max-video-preview:-1"},"canonical":"https:\/\/landaola.eus\/es\/viii-landaola-sariak\/","og_locale":"es_ES","og_type":"article","og_title":"VIII. Landaola Sariak - Landaola - Gipuzkoako Landa Garapen Elkarteen Federazioa","og_description":"Un a\u00f1o m\u00e1s, queriendo reconocer los proyectos de desarrollo rural de Gipuzkoa, la Federaci\u00f3n Landaola ha organizado la VII. edici\u00f3n de Landaola Sariak. Y estos son los proyectos premiados:","og_url":"https:\/\/landaola.eus\/es\/viii-landaola-sariak\/","og_site_name":"Landaola - Gipuzkoako Landa Garapen Elkarteen Federazioa","article_publisher":"https:\/\/www.facebook.com\/Landaola-1306311309416102","article_published_time":"2025-03-17T09:20:16+00:00","article_modified_time":"2026-01-19T09:03:36+00:00","og_image":[{"url":"http:\/\/landaola.eus\/wp-content\/uploads\/2025\/03\/ERRASTIKO-ESKOLA1.jpg"}],"author":"Landaola","twitter_card":"summary_large_image","twitter_creator":"@Landaola_","twitter_site":"@Landaola_","twitter_misc":{"Escrito por":"Landaola","Tiempo de lectura":"5 minutos"},"schema":{"@context":"https:\/\/schema.org","@graph":[{"@type":"Article","@id":"https:\/\/landaola.eus\/es\/viii-landaola-sariak\/#article","isPartOf":{"@id":"https:\/\/landaola.eus\/es\/viii-landaola-sariak\/"},"author":{"name":"Landaola","@id":"https:\/\/landaola.eus\/#\/schema\/person\/0fe497fa545571dbb4523fad469477c8"},"headline":"VIII. Landaola Sariak","datePublished":"2025-03-17T09:20:16+00:00","dateModified":"2026-01-19T09:03:36+00:00","mainEntityOfPage":{"@id":"https:\/\/landaola.eus\/es\/viii-landaola-sariak\/"},"wordCount":876,"publisher":{"@id":"https:\/\/landaola.eus\/#organization"},"articleSection":["Premios landaola"],"inLanguage":"es"},{"@type":"WebPage","@id":"https:\/\/landaola.eus\/es\/viii-landaola-sariak\/","url":"https:\/\/landaola.eus\/es\/viii-landaola-sariak\/","name":"VIII. Landaola Sariak - Landaola - Gipuzkoako Landa Garapen Elkarteen Federazioa","isPartOf":{"@id":"https:\/\/landaola.eus\/#website"},"datePublished":"2025-03-17T09:20:16+00:00","dateModified":"2026-01-19T09:03:36+00:00","breadcrumb":{"@id":"https:\/\/landaola.eus\/es\/viii-landaola-sariak\/#breadcrumb"},"inLanguage":"es","potentialAction":[{"@type":"ReadAction","target":["https:\/\/landaola.eus\/es\/viii-landaola-sariak\/"]}]},{"@type":"BreadcrumbList","@id":"https:\/\/landaola.eus\/es\/viii-landaola-sariak\/#breadcrumb","itemListElement":[{"@type":"ListItem","position":1,"name":"Home","item":"https:\/\/landaola.eus\/es\/"},{"@type":"ListItem","position":2,"name":"VIII. Landaola Sariak"}]},{"@type":"WebSite","@id":"https:\/\/landaola.eus\/#website","url":"https:\/\/landaola.eus\/","name":"Landaola - Gipuzkoako Landa Garapen Elkarteen Federazioa","description":"Gipuzkoako Landa Garapen Elkarteen Federazioa","publisher":{"@id":"https:\/\/landaola.eus\/#organization"},"potentialAction":[{"@type":"SearchAction","target":{"@type":"EntryPoint","urlTemplate":"https:\/\/landaola.eus\/?s={search_term_string}"},"query-input":"required name=search_term_string"}],"inLanguage":"es"},{"@type":"Organization","@id":"https:\/\/landaola.eus\/#organization","name":"LANDAOLA","alternateName":"Gipuzkoako landa garapen elkarteen federazioa","url":"https:\/\/landaola.eus\/","logo":{"@type":"ImageObject","inLanguage":"es","@id":"https:\/\/landaola.eus\/#\/schema\/logo\/image\/","url":"https:\/\/landaola.eus\/wp-content\/uploads\/2022\/11\/landaola.svg","contentUrl":"https:\/\/landaola.eus\/wp-content\/uploads\/2022\/11\/landaola.svg","width":1,"height":1,"caption":"LANDAOLA"},"image":{"@id":"https:\/\/landaola.eus\/#\/schema\/logo\/image\/"},"sameAs":["https:\/\/www.facebook.com\/Landaola-1306311309416102","https:\/\/twitter.com\/Landaola_","https:\/\/www.youtube.com\/channel\/UCmr3BnLvYWU86tkM-rHfXGg","https:\/\/www.instagram.com\/landaola_\/?igshid=YmMyMTA2M2Y"]},{"@type":"Person","@id":"https:\/\/landaola.eus\/#\/schema\/person\/0fe497fa545571dbb4523fad469477c8","name":"Landaola","image":{"@type":"ImageObject","inLanguage":"es","@id":"https:\/\/landaola.eus\/#\/schema\/person\/image\/","url":"https:\/\/secure.gravatar.com\/avatar\/f39a2988c7efdb2e64a0bd3259fec3fc?s=96&d=mm&r=g","contentUrl":"https:\/\/secure.gravatar.com\/avatar\/f39a2988c7efdb2e64a0bd3259fec3fc?s=96&d=mm&r=g","caption":"Landaola"},"url":"https:\/\/landaola.eus\/es\/author\/landaolalandaola-eus\/"}]}},"_links":{"self":[{"href":"https:\/\/landaola.eus\/es\/wp-json\/wp\/v2\/posts\/1247"}],"collection":[{"href":"https:\/\/landaola.eus\/es\/wp-json\/wp\/v2\/posts"}],"about":[{"href":"https:\/\/landaola.eus\/es\/wp-json\/wp\/v2\/types\/post"}],"author":[{"embeddable":true,"href":"https:\/\/landaola.eus\/es\/wp-json\/wp\/v2\/users\/2"}],"replies":[{"embeddable":true,"href":"https:\/\/landaola.eus\/es\/wp-json\/wp\/v2\/comments?post=1247"}],"version-history":[{"count":2,"href":"https:\/\/landaola.eus\/es\/wp-json\/wp\/v2\/posts\/1247\/revisions"}],"predecessor-version":[{"id":1253,"href":"https:\/\/landaola.eus\/es\/wp-json\/wp\/v2\/posts\/1247\/revisions\/1253"}],"wp:attachment":[{"href":"https:\/\/landaola.eus\/es\/wp-json\/wp\/v2\/media?parent=1247"}],"wp:term":[{"taxonomy":"category","embeddable":true,"href":"https:\/\/landaola.eus\/es\/wp-json\/wp\/v2\/categories?post=1247"},{"taxonomy":"post_tag","embeddable":true,"href":"https:\/\/landaola.eus\/es\/wp-json\/wp\/v2\/tags?post=1247"}],"curies":[{"name":"wp","href":"https:\/\/api.w.org\/{rel}","templated":true}]}}