{"id":1045,"date":"2024-03-18T14:15:54","date_gmt":"2024-03-18T13:15:54","guid":{"rendered":"https:\/\/landaola.eus\/vii-landaola-sariak\/"},"modified":"2026-01-19T10:03:37","modified_gmt":"2026-01-19T09:03:37","slug":"vii-landaola-sariak","status":"publish","type":"post","link":"https:\/\/landaola.eus\/es\/vii-landaola-sariak\/","title":{"rendered":"VII. Landaola Sariak"},"content":{"rendered":"\r\n\r\nUn a\u00f1o m\u00e1s, queriendo reconocer los proyectos de desarrollo rural de Gipuzkoa, la Federaci\u00f3n Landaola ha organizado la <b>VII. edici\u00f3n de Landaola Sariak<\/b>. Y estos son los proyectos premiados:\r\n\r\n\r\n\r\n\r\n<!--more-->\r\n\r\n\r\n\r\n\r\nPremiado en el apartado de entidades privadas: <b>MAKATZA<\/b> baserria\r\n\r\n\r\n\r\n\r\n<figure class=\"wp-block-image size-large\"><img loading=\"lazy\" decoding=\"async\" width=\"1024\" height=\"768\" class=\"wp-image-1027\" src=\"https:\/\/landaola.eus\/wp-content\/uploads\/2024\/03\/makatza-1024x768.jpeg\" alt=\"\" srcset=\"https:\/\/landaola.eus\/wp-content\/uploads\/2024\/03\/makatza-1024x768.jpeg 1024w, https:\/\/landaola.eus\/wp-content\/uploads\/2024\/03\/makatza-300x225.jpeg 300w, https:\/\/landaola.eus\/wp-content\/uploads\/2024\/03\/makatza-768x576.jpeg 768w, https:\/\/landaola.eus\/wp-content\/uploads\/2024\/03\/makatza-1536x1152.jpeg 1536w, https:\/\/landaola.eus\/wp-content\/uploads\/2024\/03\/makatza.jpeg 1600w\" sizes=\"(max-width: 1024px) 100vw, 1024px\" \/><\/figure>\r\n\r\n\r\n\r\n\r\nCon el objetivo de dar continuidad al patrimonio familiar, Agurtzane y Aitor han seguido con el trabajo realizado durante a\u00f1os por sus padres en el caser\u00edo Makatza de Legazpi. Hace siete a\u00f1os, Aitor decidi\u00f3 dejar su trabajo en la industria para apostar por el caser\u00edo. En 2023, Agurtzane sigui\u00f3 sus pasos: dej\u00f3 el trabajo, se gradu\u00f3 en la Escuela de Pastores de Gomiztegi y volvi\u00f3 al caser\u00edo. Guiados por el principio de sostenibilidad y basados en la venta directa y la producci\u00f3n de productos de calidad, practican la agricultura familiar. El queso de pastor con su denominaci\u00f3n de origen Idiazabal, el pan, las magdalenas o el dulce de la manzana Errezil son el reflejo de su trabajo.\r\n\r\n\r\n\r\n\r\n\r\n<hr class=\"wp-block-separator has-alpha-channel-opacity\" \/>\r\n\r\n\r\n\r\n\r\n\r\nPremiado en el apartado de entidades p\u00fablicas: <b>AYUNTAMIENTO DE BERGARA<\/b>. Creaci\u00f3n de ELIKA ENEA en el mercado Oxirondo\r\n\r\n\r\n\r\n\r\n<figure class=\"wp-block-image size-large\"><img loading=\"lazy\" decoding=\"async\" width=\"1024\" height=\"768\" class=\"wp-image-1029\" src=\"https:\/\/landaola.eus\/wp-content\/uploads\/2024\/03\/elika-enea-1024x768.jpg\" alt=\"\" srcset=\"https:\/\/landaola.eus\/wp-content\/uploads\/2024\/03\/elika-enea-1024x768.jpg 1024w, https:\/\/landaola.eus\/wp-content\/uploads\/2024\/03\/elika-enea-300x225.jpg 300w, https:\/\/landaola.eus\/wp-content\/uploads\/2024\/03\/elika-enea-768x576.jpg 768w, https:\/\/landaola.eus\/wp-content\/uploads\/2024\/03\/elika-enea-1536x1152.jpg 1536w, https:\/\/landaola.eus\/wp-content\/uploads\/2024\/03\/elika-enea-2048x1536.jpg 2048w\" sizes=\"(max-width: 1024px) 100vw, 1024px\" \/><\/figure>\r\n\r\n\r\n\r\n\r\nEl objetivo de este proyecto es revitalizar el mercado Oxirondo, situado en el centro de Bergara. Ocupar\u00e1 una amplia zona en la planta baja del mercado junto a los puestos habituales donde habr\u00e1, entre otras cosas, una cocina comunitaria y una tienda para poder comprar productos de los productores locales y del entorno. Teniendo como filosof\u00eda la soberan\u00eda alimentaria y los productos aut\u00f3ctonos, Elika Enea ha abordado el concepto de \u201cmercado contempor\u00e1neo\u201d, poniendo en primera l\u00ednea productos de los baserritarras, con un horario flexible, ofreciendo alimentos de calidad y confianza, organizando actividades de sensibilizaci\u00f3n, as\u00ed como trabajando las posibilidades de aprovisionamiento de los comedores.\r\n\r\n\r\n\r\n\r\n\r\n<hr class=\"wp-block-separator has-alpha-channel-opacity\" \/>\r\n\r\n\r\n\r\n\r\n\r\nPremio Landaola a las mujeres en el medio rural: <b>ASOCIACI\u00d3N HITZEZ<\/b>\r\n\r\n\r\n\r\n\r\n<figure class=\"wp-block-image size-large\"><img loading=\"lazy\" decoding=\"async\" width=\"1024\" height=\"768\" class=\"wp-image-1035\" src=\"https:\/\/landaola.eus\/wp-content\/uploads\/2024\/03\/hitzez-1024x768.jpg\" alt=\"\" srcset=\"https:\/\/landaola.eus\/wp-content\/uploads\/2024\/03\/hitzez-1024x768.jpg 1024w, https:\/\/landaola.eus\/wp-content\/uploads\/2024\/03\/hitzez-300x225.jpg 300w, https:\/\/landaola.eus\/wp-content\/uploads\/2024\/03\/hitzez-768x576.jpg 768w, https:\/\/landaola.eus\/wp-content\/uploads\/2024\/03\/hitzez-1536x1152.jpg 1536w, https:\/\/landaola.eus\/wp-content\/uploads\/2024\/03\/hitzez.jpg 2048w\" sizes=\"(max-width: 1024px) 100vw, 1024px\" \/><\/figure>\r\n\r\n\r\n\r\n\r\nHitzez ha jugado un papel fundamental en el bienestar y la autonom\u00eda de las mujeres en zonas rurales. Creada en 2007 por cinco mujeres baserritarras del valle Urola Kosta de Gipuzkoa, la asociaci\u00f3n ha sido pionera en ofrecer espacios para que estas mujeres puedan expresar sus vivencias e inquietudes y promover su salud y desarrollo personal. El fomento de la interacci\u00f3n entre las mujeres baserritarras, la reflexi\u00f3n sobre la realidad social y familiar y la concienciaci\u00f3n en temas de equilibrio bio-psicosocial y de g\u00e9nero en las zonas rurales han sido sus pilares a lo largo de todos estos a\u00f1os.\r\n\r\n\r\n\r\n\r\n\r\n<hr class=\"wp-block-separator has-alpha-channel-opacity\" \/>\r\n\r\n\r\n\r\n\r\n\r\nPremio Landaola a toda una trayectoria: <b>ELI ARRILLAGA<\/b>\r\n\r\n\r\n\r\n\r\n<figure class=\"wp-block-image size-large\"><img loading=\"lazy\" decoding=\"async\" width=\"1024\" height=\"768\" class=\"wp-image-1037\" src=\"https:\/\/landaola.eus\/wp-content\/uploads\/2024\/03\/eli-arrillaga-1-1024x768.jpg\" alt=\"\" srcset=\"https:\/\/landaola.eus\/wp-content\/uploads\/2024\/03\/eli-arrillaga-1-1024x768.jpg 1024w, https:\/\/landaola.eus\/wp-content\/uploads\/2024\/03\/eli-arrillaga-1-300x225.jpg 300w, https:\/\/landaola.eus\/wp-content\/uploads\/2024\/03\/eli-arrillaga-1-768x576.jpg 768w, https:\/\/landaola.eus\/wp-content\/uploads\/2024\/03\/eli-arrillaga-1-1536x1152.jpg 1536w, https:\/\/landaola.eus\/wp-content\/uploads\/2024\/03\/eli-arrillaga-1-2048x1536.jpg 2048w\" sizes=\"(max-width: 1024px) 100vw, 1024px\" \/><\/figure>\r\n\r\n\r\n\r\n\r\nA pesar de no haber nacido en el caser\u00edo, Eli Arrillaga ha trabajado como pastora desde 1980, dedic\u00e1ndose a la queser\u00eda. Tiene un reba\u00f1o de ovejas latxas y utiliza s\u00f3lo el cuajo natural de su producci\u00f3n para elaborar el queso. Eli inverna con su reba\u00f1o en Olaberria, y durante los meses de mayo a octubre se trasladan a la Borda Ttontor de Urbia, situada a 1.200 me de altura. Gracias a esta dualidad geogr\u00e1fica produce dos sabrosos y caracter\u00edsticos quesos. Tanto en Olaberria como en Urbia, Eli atiende a los monta\u00f1eros para vender queso, explicarles la vida de los pastores u ofrecerles un bocado para coger fuerzas. Avanzando a trav\u00e9s de la incorporaci\u00f3n de las innovaciones, ha participado en numerosas organizaciones sindicales, como Ebel, Artzai Gazta, Larsabi, presidenta de ELE y Goimen, y se muestra incansable en la visibilizaci\u00f3n de la mujer pastora, un trabajo basado en los trabajos y costumbres tradicionales, entre otros aspectos, con gran importancia en la gesti\u00f3n de los montes. Gracias a su activa participaci\u00f3n en din\u00e1micas de comunicaci\u00f3n y sensibilizaci\u00f3n, Eli sigue conservando y transmitiendo mejor que bien la cultura pastoril.\r\n\r\n\r\n\r\n\r\n\r\n<hr class=\"wp-block-separator has-alpha-channel-opacity\" \/>\r\n\r\n\r\n\r\n\r\n\r\nProyectos nominados:\r\n\r\nBertatik.eus: Alimentos aut\u00f3ctonos, cocinados aqu\u00ed.\r\n\r\nMarisol Josefina Abreu: Psicoterapia online, presencial y grupos de empoderamiento para personas.\r\n\r\nItturrua Goikoa: Ganader\u00eda Itturrua goikoa.\r\n\r\nLogikaline: Contact center y atenci\u00f3n a cliente.\r\n\r\nBio-k: Sagar Zirkle.\r\n\r\nAyuntamiento de Usurbil: Empoderamiento en el medio rural.\r\n\r\nAyuntamiento de Zaldibia: Restaurante Kixkurgune.\r\n\r\nAyuntamiento de Alkiza: Proyecto de desarrollo local Fagus Alkiza.\r\n\r\nAyuntamiento de Beizama: Apertura de tienda en el bar.\r\n\r\n\r\n\r\n\r\n\r\n<hr class=\"wp-block-separator has-alpha-channel-opacity\" \/>\r\n\r\n\r\n\r\n\r\n<div class=\"wp-block-buttons is-layout-flex wp-block-buttons-is-layout-flex\">\r\n\r\n\r\n<div class=\"wp-block-button\">\r\n\r\n<a href=\"http:\/\/landaola.eus\/wp-content\/uploads\/2024\/03\/LS-2024-SARIDUNAK-EUSK-ok.pdf\">Dossier &#8211; VII. PREMIOS LANDAOLA<\/a>\r\n\r\n<\/div>\r\n\r\n\r\n<\/div>\r\n\r\n\r\n\r\n\r\n\r\n\r\n\r\n<div class=\"wp-block-buttons is-layout-flex wp-block-buttons-is-layout-flex\">\r\n\r\n\r\n<div class=\"wp-block-button\"><a class=\"wp-block-button__link wp-element-button\" href=\"https:\/\/youtu.be\/Xvu0CmFJJws\">V\u00eddeo del evento<\/a><\/div>\r\n\r\n\r\n<\/div>\r\n","protected":false},"excerpt":{"rendered":"<p>Un a\u00f1o m\u00e1s, queriendo reconocer los proyectos de desarrollo rural de Gipuzkoa, la Federaci\u00f3n Landaola ha organizado la VII. edici\u00f3n de Landaola Sariak. Y estos son los proyectos premiados:<\/p>\n","protected":false},"author":1,"featured_media":0,"comment_status":"closed","ping_status":"closed","sticky":false,"template":"","format":"standard","meta":{"footnotes":""},"categories":[18],"tags":[],"yoast_head":"<!-- This site is optimized with the Yoast SEO plugin v21.5 - https:\/\/yoast.com\/wordpress\/plugins\/seo\/ -->\n<title>VII. Landaola Sariak - Landaola - Gipuzkoako Landa Garapen Elkarteen Federazioa<\/title>\n<meta name=\"robots\" content=\"index, follow, max-snippet:-1, max-image-preview:large, max-video-preview:-1\" \/>\n<link rel=\"canonical\" href=\"https:\/\/landaola.eus\/es\/vii-landaola-sariak\/\" \/>\n<meta property=\"og:locale\" content=\"es_ES\" \/>\n<meta property=\"og:type\" content=\"article\" \/>\n<meta property=\"og:title\" content=\"VII. Landaola Sariak - Landaola - Gipuzkoako Landa Garapen Elkarteen Federazioa\" \/>\n<meta property=\"og:description\" content=\"Un a\u00f1o m\u00e1s, queriendo reconocer los proyectos de desarrollo rural de Gipuzkoa, la Federaci\u00f3n Landaola ha organizado la VII. edici\u00f3n de Landaola Sariak. Y estos son los proyectos premiados:\" \/>\n<meta property=\"og:url\" content=\"https:\/\/landaola.eus\/es\/vii-landaola-sariak\/\" \/>\n<meta property=\"og:site_name\" content=\"Landaola - Gipuzkoako Landa Garapen Elkarteen Federazioa\" \/>\n<meta property=\"article:publisher\" content=\"https:\/\/www.facebook.com\/Landaola-1306311309416102\" \/>\n<meta property=\"article:published_time\" content=\"2024-03-18T13:15:54+00:00\" \/>\n<meta property=\"article:modified_time\" content=\"2026-01-19T09:03:37+00:00\" \/>\n<meta property=\"og:image\" content=\"https:\/\/landaola.eus\/wp-content\/uploads\/2024\/03\/makatza-1024x768.jpeg\" \/>\n<meta name=\"author\" content=\"admin\" \/>\n<meta name=\"twitter:card\" content=\"summary_large_image\" \/>\n<meta name=\"twitter:creator\" content=\"@Landaola_\" \/>\n<meta name=\"twitter:site\" content=\"@Landaola_\" \/>\n<meta name=\"twitter:label1\" content=\"Escrito por\" \/>\n\t<meta name=\"twitter:data1\" content=\"admin\" \/>\n\t<meta name=\"twitter:label2\" content=\"Tiempo de lectura\" \/>\n\t<meta name=\"twitter:data2\" content=\"4 minutos\" \/>\n<script type=\"application\/ld+json\" class=\"yoast-schema-graph\">{\"@context\":\"https:\/\/schema.org\",\"@graph\":[{\"@type\":\"Article\",\"@id\":\"https:\/\/landaola.eus\/es\/vii-landaola-sariak\/#article\",\"isPartOf\":{\"@id\":\"https:\/\/landaola.eus\/es\/vii-landaola-sariak\/\"},\"author\":{\"name\":\"admin\",\"@id\":\"https:\/\/landaola.eus\/#\/schema\/person\/8cae01563bb2e59e8efbd02bb907c029\"},\"headline\":\"VII. Landaola Sariak\",\"datePublished\":\"2024-03-18T13:15:54+00:00\",\"dateModified\":\"2026-01-19T09:03:37+00:00\",\"mainEntityOfPage\":{\"@id\":\"https:\/\/landaola.eus\/es\/vii-landaola-sariak\/\"},\"wordCount\":703,\"publisher\":{\"@id\":\"https:\/\/landaola.eus\/#organization\"},\"articleSection\":[\"Premios landaola\"],\"inLanguage\":\"es\"},{\"@type\":\"WebPage\",\"@id\":\"https:\/\/landaola.eus\/es\/vii-landaola-sariak\/\",\"url\":\"https:\/\/landaola.eus\/es\/vii-landaola-sariak\/\",\"name\":\"VII. Landaola Sariak - Landaola - Gipuzkoako Landa Garapen Elkarteen Federazioa\",\"isPartOf\":{\"@id\":\"https:\/\/landaola.eus\/#website\"},\"datePublished\":\"2024-03-18T13:15:54+00:00\",\"dateModified\":\"2026-01-19T09:03:37+00:00\",\"breadcrumb\":{\"@id\":\"https:\/\/landaola.eus\/es\/vii-landaola-sariak\/#breadcrumb\"},\"inLanguage\":\"es\",\"potentialAction\":[{\"@type\":\"ReadAction\",\"target\":[\"https:\/\/landaola.eus\/es\/vii-landaola-sariak\/\"]}]},{\"@type\":\"BreadcrumbList\",\"@id\":\"https:\/\/landaola.eus\/es\/vii-landaola-sariak\/#breadcrumb\",\"itemListElement\":[{\"@type\":\"ListItem\",\"position\":1,\"name\":\"Home\",\"item\":\"https:\/\/landaola.eus\/es\/\"},{\"@type\":\"ListItem\",\"position\":2,\"name\":\"VII. Landaola Sariak\"}]},{\"@type\":\"WebSite\",\"@id\":\"https:\/\/landaola.eus\/#website\",\"url\":\"https:\/\/landaola.eus\/\",\"name\":\"Landaola - Gipuzkoako Landa Garapen Elkarteen Federazioa\",\"description\":\"Gipuzkoako Landa Garapen Elkarteen Federazioa\",\"publisher\":{\"@id\":\"https:\/\/landaola.eus\/#organization\"},\"potentialAction\":[{\"@type\":\"SearchAction\",\"target\":{\"@type\":\"EntryPoint\",\"urlTemplate\":\"https:\/\/landaola.eus\/?s={search_term_string}\"},\"query-input\":\"required name=search_term_string\"}],\"inLanguage\":\"es\"},{\"@type\":\"Organization\",\"@id\":\"https:\/\/landaola.eus\/#organization\",\"name\":\"LANDAOLA\",\"alternateName\":\"Gipuzkoako landa garapen elkarteen federazioa\",\"url\":\"https:\/\/landaola.eus\/\",\"logo\":{\"@type\":\"ImageObject\",\"inLanguage\":\"es\",\"@id\":\"https:\/\/landaola.eus\/#\/schema\/logo\/image\/\",\"url\":\"https:\/\/landaola.eus\/wp-content\/uploads\/2022\/11\/landaola.svg\",\"contentUrl\":\"https:\/\/landaola.eus\/wp-content\/uploads\/2022\/11\/landaola.svg\",\"width\":1,\"height\":1,\"caption\":\"LANDAOLA\"},\"image\":{\"@id\":\"https:\/\/landaola.eus\/#\/schema\/logo\/image\/\"},\"sameAs\":[\"https:\/\/www.facebook.com\/Landaola-1306311309416102\",\"https:\/\/twitter.com\/Landaola_\",\"https:\/\/www.youtube.com\/channel\/UCmr3BnLvYWU86tkM-rHfXGg\",\"https:\/\/www.instagram.com\/landaola_\/?igshid=YmMyMTA2M2Y\"]},{\"@type\":\"Person\",\"@id\":\"https:\/\/landaola.eus\/#\/schema\/person\/8cae01563bb2e59e8efbd02bb907c029\",\"name\":\"admin\",\"image\":{\"@type\":\"ImageObject\",\"inLanguage\":\"es\",\"@id\":\"https:\/\/landaola.eus\/#\/schema\/person\/image\/\",\"url\":\"https:\/\/secure.gravatar.com\/avatar\/8c3a9acb8f9806cac7d9a6cb951448f6?s=96&d=mm&r=g\",\"contentUrl\":\"https:\/\/secure.gravatar.com\/avatar\/8c3a9acb8f9806cac7d9a6cb951448f6?s=96&d=mm&r=g\",\"caption\":\"admin\"},\"sameAs\":[\"http:\/\/landaola.eus\"],\"url\":\"https:\/\/landaola.eus\/es\/author\/admin\/\"}]}<\/script>\n<!-- \/ Yoast SEO plugin. -->","yoast_head_json":{"title":"VII. Landaola Sariak - Landaola - Gipuzkoako Landa Garapen Elkarteen Federazioa","robots":{"index":"index","follow":"follow","max-snippet":"max-snippet:-1","max-image-preview":"max-image-preview:large","max-video-preview":"max-video-preview:-1"},"canonical":"https:\/\/landaola.eus\/es\/vii-landaola-sariak\/","og_locale":"es_ES","og_type":"article","og_title":"VII. Landaola Sariak - Landaola - Gipuzkoako Landa Garapen Elkarteen Federazioa","og_description":"Un a\u00f1o m\u00e1s, queriendo reconocer los proyectos de desarrollo rural de Gipuzkoa, la Federaci\u00f3n Landaola ha organizado la VII. edici\u00f3n de Landaola Sariak. Y estos son los proyectos premiados:","og_url":"https:\/\/landaola.eus\/es\/vii-landaola-sariak\/","og_site_name":"Landaola - Gipuzkoako Landa Garapen Elkarteen Federazioa","article_publisher":"https:\/\/www.facebook.com\/Landaola-1306311309416102","article_published_time":"2024-03-18T13:15:54+00:00","article_modified_time":"2026-01-19T09:03:37+00:00","og_image":[{"url":"https:\/\/landaola.eus\/wp-content\/uploads\/2024\/03\/makatza-1024x768.jpeg"}],"author":"admin","twitter_card":"summary_large_image","twitter_creator":"@Landaola_","twitter_site":"@Landaola_","twitter_misc":{"Escrito por":"admin","Tiempo de lectura":"4 minutos"},"schema":{"@context":"https:\/\/schema.org","@graph":[{"@type":"Article","@id":"https:\/\/landaola.eus\/es\/vii-landaola-sariak\/#article","isPartOf":{"@id":"https:\/\/landaola.eus\/es\/vii-landaola-sariak\/"},"author":{"name":"admin","@id":"https:\/\/landaola.eus\/#\/schema\/person\/8cae01563bb2e59e8efbd02bb907c029"},"headline":"VII. Landaola Sariak","datePublished":"2024-03-18T13:15:54+00:00","dateModified":"2026-01-19T09:03:37+00:00","mainEntityOfPage":{"@id":"https:\/\/landaola.eus\/es\/vii-landaola-sariak\/"},"wordCount":703,"publisher":{"@id":"https:\/\/landaola.eus\/#organization"},"articleSection":["Premios landaola"],"inLanguage":"es"},{"@type":"WebPage","@id":"https:\/\/landaola.eus\/es\/vii-landaola-sariak\/","url":"https:\/\/landaola.eus\/es\/vii-landaola-sariak\/","name":"VII. Landaola Sariak - Landaola - Gipuzkoako Landa Garapen Elkarteen Federazioa","isPartOf":{"@id":"https:\/\/landaola.eus\/#website"},"datePublished":"2024-03-18T13:15:54+00:00","dateModified":"2026-01-19T09:03:37+00:00","breadcrumb":{"@id":"https:\/\/landaola.eus\/es\/vii-landaola-sariak\/#breadcrumb"},"inLanguage":"es","potentialAction":[{"@type":"ReadAction","target":["https:\/\/landaola.eus\/es\/vii-landaola-sariak\/"]}]},{"@type":"BreadcrumbList","@id":"https:\/\/landaola.eus\/es\/vii-landaola-sariak\/#breadcrumb","itemListElement":[{"@type":"ListItem","position":1,"name":"Home","item":"https:\/\/landaola.eus\/es\/"},{"@type":"ListItem","position":2,"name":"VII. Landaola Sariak"}]},{"@type":"WebSite","@id":"https:\/\/landaola.eus\/#website","url":"https:\/\/landaola.eus\/","name":"Landaola - Gipuzkoako Landa Garapen Elkarteen Federazioa","description":"Gipuzkoako Landa Garapen Elkarteen Federazioa","publisher":{"@id":"https:\/\/landaola.eus\/#organization"},"potentialAction":[{"@type":"SearchAction","target":{"@type":"EntryPoint","urlTemplate":"https:\/\/landaola.eus\/?s={search_term_string}"},"query-input":"required name=search_term_string"}],"inLanguage":"es"},{"@type":"Organization","@id":"https:\/\/landaola.eus\/#organization","name":"LANDAOLA","alternateName":"Gipuzkoako landa garapen elkarteen federazioa","url":"https:\/\/landaola.eus\/","logo":{"@type":"ImageObject","inLanguage":"es","@id":"https:\/\/landaola.eus\/#\/schema\/logo\/image\/","url":"https:\/\/landaola.eus\/wp-content\/uploads\/2022\/11\/landaola.svg","contentUrl":"https:\/\/landaola.eus\/wp-content\/uploads\/2022\/11\/landaola.svg","width":1,"height":1,"caption":"LANDAOLA"},"image":{"@id":"https:\/\/landaola.eus\/#\/schema\/logo\/image\/"},"sameAs":["https:\/\/www.facebook.com\/Landaola-1306311309416102","https:\/\/twitter.com\/Landaola_","https:\/\/www.youtube.com\/channel\/UCmr3BnLvYWU86tkM-rHfXGg","https:\/\/www.instagram.com\/landaola_\/?igshid=YmMyMTA2M2Y"]},{"@type":"Person","@id":"https:\/\/landaola.eus\/#\/schema\/person\/8cae01563bb2e59e8efbd02bb907c029","name":"admin","image":{"@type":"ImageObject","inLanguage":"es","@id":"https:\/\/landaola.eus\/#\/schema\/person\/image\/","url":"https:\/\/secure.gravatar.com\/avatar\/8c3a9acb8f9806cac7d9a6cb951448f6?s=96&d=mm&r=g","contentUrl":"https:\/\/secure.gravatar.com\/avatar\/8c3a9acb8f9806cac7d9a6cb951448f6?s=96&d=mm&r=g","caption":"admin"},"sameAs":["http:\/\/landaola.eus"],"url":"https:\/\/landaola.eus\/es\/author\/admin\/"}]}},"_links":{"self":[{"href":"https:\/\/landaola.eus\/es\/wp-json\/wp\/v2\/posts\/1045"}],"collection":[{"href":"https:\/\/landaola.eus\/es\/wp-json\/wp\/v2\/posts"}],"about":[{"href":"https:\/\/landaola.eus\/es\/wp-json\/wp\/v2\/types\/post"}],"author":[{"embeddable":true,"href":"https:\/\/landaola.eus\/es\/wp-json\/wp\/v2\/users\/1"}],"replies":[{"embeddable":true,"href":"https:\/\/landaola.eus\/es\/wp-json\/wp\/v2\/comments?post=1045"}],"version-history":[{"count":3,"href":"https:\/\/landaola.eus\/es\/wp-json\/wp\/v2\/posts\/1045\/revisions"}],"predecessor-version":[{"id":1088,"href":"https:\/\/landaola.eus\/es\/wp-json\/wp\/v2\/posts\/1045\/revisions\/1088"}],"wp:attachment":[{"href":"https:\/\/landaola.eus\/es\/wp-json\/wp\/v2\/media?parent=1045"}],"wp:term":[{"taxonomy":"category","embeddable":true,"href":"https:\/\/landaola.eus\/es\/wp-json\/wp\/v2\/categories?post=1045"},{"taxonomy":"post_tag","embeddable":true,"href":"https:\/\/landaola.eus\/es\/wp-json\/wp\/v2\/tags?post=1045"}],"curies":[{"name":"wp","href":"https:\/\/api.w.org\/{rel}","templated":true}]}}